{"id":1397,"date":"2019-12-06T07:46:17","date_gmt":"2019-12-06T06:46:17","guid":{"rendered":"http:\/\/pitvaros.sk\/?p=1397"},"modified":"2019-12-06T14:59:16","modified_gmt":"2019-12-06T13:59:16","slug":"ako-sa-slavili-vianoce-na-pitvarosi","status":"publish","type":"post","link":"https:\/\/pitvaros.sk\/sk\/?p=1397","title":{"rendered":"Ako sa sl\u00e1vili Vianoce na Pitvaro\u0161i"},"content":{"rendered":"<p style=\"text-align: justify;\">Ako je zn\u00e1me, Pitvaro\u0161 bol zalo\u017een\u00fd v\u00a0roku 1816 slovensk\u00fdmi predkami, ktor\u00ed poch\u00e1dzali predov\u0161etk\u00fdm z\u00a0Gemera, Novohradu a\u00a0Hontu, ale aj z\u00a0in\u00fdch \u010dast\u00ed Slovenska, ako napr\u00edklad z\u00a0Turca, od Zvolena, \u010di od Tren\u010d\u00edna. V\u0161etci si so sebou doniesli zvyky, ktor\u00e9 sa nesk\u00f4r ako samozrejmos\u0165 dodr\u017eiavali pri ak\u00fdchko\u013evek pr\u00edle\u017eitostiach, a\u00a0tak tomu bolo aj so zvykmi viano\u010dn\u00fdmi. Postupne od niektor\u00fdch aj istotne up\u00fa\u0161\u0165ali a\u00a0tie, ktor\u00e9 zostali zostali jednoducho zvykmi pitvaro\u0161sk\u00fdmi. Tak ako sa rozv\u00edjal \u017eivot pri budovan\u00ed samostatnej obce, tak to bolo aj so zvykmi\u00a0 v\u00a0advente, sviatkoch viano\u010dn\u00fdch a\u00a0novoro\u010dn\u00fdch. V\u00a0tomto im pom\u00e1hali slovensk\u00ed k\u0148azi a\u00a0u\u010ditelia, ktor\u00ed tu p\u00f4sobili. Zn\u00e1me s\u00fa v\u0161ak aj mnoh\u00e9 osobnosti n\u00e1rodn\u00e9ho a\u00a0kult\u00farneho \u017eivota poch\u00e1dzaj\u00face zo Slovenska. Pod\u013ea pam\u00e4t\u00ed na\u0161ich star\u00fdch otcov a\u00a0mater\u00ed sna\u017e\u00edme sa v\u00a0kr\u00e1tkom spom\u00ednan\u00ed pribl\u00ed\u017ei\u0165 V\u00e1m mil\u00ed \u010ditatelia tieto zvyky, \u010di u\u017e vo forme spomienok, alebo pre niektor\u00fdch, noviniek.<\/p>\n<p style=\"text-align: justify;\">Na \u0160tedr\u00fd de\u0148 mali \u017eeny v\u00a0ka\u017edom dome ve\u013ea roboty, preto\u017ee museli napiec\u0165 a\u00a0navari\u0165 nielen jedl\u00e1 \u0161tedrove\u010dern\u00e9, ale aj na cel\u00e9 viano\u010dn\u00e9 sviatky, lebo cez sviatky sa nevarilo. Cez \u0160tedr\u00fd de\u0148 sa dr\u017eal p\u00f4st a\u00a0\u0161tedrove\u010dern\u00e1 ve\u010dera nahradila celodenn\u00e9 p\u00f4stenie. Na \u0160tedrove\u010dern\u00fd st\u00f4l sa poukladalo v\u0161etko, \u010do sa na tento \u00fa\u010del navarilo a\u00a0napieklo, v\u00e4\u010d\u0161inou to boli <em>\u201etvarohovie a\u00a0makovie opekance\u201c,<\/em> alebo <em>\u201etvarohovie a\u00a0makovie halu\u0161ke\u201c<\/em> (rezance), kapustnica, v\u00a0niektor\u00fdch dom\u00e1cnostiach aj pe\u010den\u00e1 ryba a\u00a0samozrejme nech\u00fdbal dom\u00e1ci chlieb. Piekli r\u00f4zne kol\u00e1\u010de, z\u00a0ktor\u00fdch\u00a0 je pozoruhodn\u00e9 <em>\u201estudenvo cesto\u201c,<\/em> toto piekli v\u00a0r\u00f4znych tvaroch (napr. kr\u00faten\u00e9 ty\u010dinky), alebo plnen\u00e9 makom, orechami \u010di lekv\u00e1rom v\u00a0tvare \u0161at\u00f4\u010dky, alebo hrebe\u0148a. Nesmeli ch\u00fdba\u0165 kysnut\u00e9 z\u00e1viny makov\u00e9, orechov\u00e9, ktor\u00e9 sa jednoducho naz\u00fdvali <em>\u201emakovn\u00edka a\u00a0orechovn\u00edka\u201c.<\/em><\/p>\n<p style=\"text-align: justify;\">Z\u00a0kysnut\u00e9ho cesta sa na sp\u00f4sob na\u0161ich dne\u0161n\u00fdch viano\u010diek piekli takzvan\u00e9 <em>\u201ekol\u00e1\u010de\u201c,<\/em> ktor\u00e9 boli pleten\u00e9 v\u00a0tvare venca, t.j. do kruhu a\u00a0v\u00a0strede musel by\u0165 otvor (diera), aby sa dal pekne kr\u00e1ja\u0165. Tieto <em>\u201ekol\u00e1\u010de\u201c <\/em>sa piekli z\u00a0jemn\u00e9ho kysnut\u00e9ho cesta, ale piekli sa aj <em>\u201e\u0165ahanie kol\u00e1\u010de\u201c,<\/em> ktor\u00e9 boli tie\u017e jemn\u00e9 a\u00a0striedka sa musela <em>\u201ep\u00e1ra\u0165\u201c.\u00a0<\/em>Okrem dobr\u00f4t z\u00a0pe\u010denia nesmeli na stole ch\u00fdba\u0165 orechy, su\u0161en\u00e9 ovocie <em>\u201e\u0161tiepke\u201c<\/em> z\u00a0jab\u013ak a\u00a0hru\u0161iek, tie\u017e su\u0161en\u00e9 slivky a\u00a0marhule, cesnak a med. Cesnak symbolizoval zdravie, med zdravie a\u00a0sladk\u00fd \u017eivot. Na st\u00f4l pod obrus sa kl\u00e1dli peniaze, aby v\u00a0dom\u00e1cnosti nikdy nech\u00fdbali. Pod st\u00f4l sa kl\u00e1dlo v\u00a0slamienku alebo ko\u0161iariku obilie zmie\u0161an\u00e9 z\u00a0nieko\u013ek\u00fdch druhov a\u00a0toto tam zost\u00e1valo po cel\u00e9 sviatky a\u017e do Troch kr\u00e1\u013eov, d\u00e1valo sa z\u00a0neho ka\u017ed\u00fd de\u0148 sliepkam, aby dobre zn\u00e1\u0161ali vajcia, ale gazda z\u00a0neho aspo\u0148 raz dal aj ko\u0148om, aby dobre \u0165ahali.<\/p>\n<p>&nbsp;<\/p>\n<p><img loading=\"lazy\" decoding=\"async\" class=\"aligncenter wp-image-1398\" src=\"http:\/\/pitvaros.sk\/sk\/wp-content\/uploads\/2017\/12\/Eva-Husarikova02.jpg\" alt=\"\" width=\"695\" height=\"579\" srcset=\"https:\/\/pitvaros.sk\/sk\/wp-content\/uploads\/2017\/12\/Eva-Husarikova02.jpg 720w, https:\/\/pitvaros.sk\/sk\/wp-content\/uploads\/2017\/12\/Eva-Husarikova02-300x250.jpg 300w\" sizes=\"auto, (max-width: 695px) 100vw, 695px\" \/><\/p>\n<p style=\"text-align: center;\">Dolnozemsk\u00e9 Vianoce o\u010dami kova\u010dickej insitnej maliarky Evy Hus\u00e1rikovej<\/p>\n<p style=\"text-align: center;\">(Zdroj: <a href=\"http:\/\/www.uszz.sk\/sk\/eva-husarikova-insitna-maliarka-z-kovacice-jubiluje-v-bratislave\">http:\/\/www.uszz.sk\/sk\/eva-husarikova-insitna-maliarka-z-kovacice-jubiluje-v-bratislave<\/a>)<\/p>\n<p>&nbsp;<\/p>\n<p style=\"text-align: justify;\">Ihli\u010dnat\u00fdch viano\u010dn\u00fdch strom\u010dekov nebolo, preto\u017ee v\u00a0tejto \u0161\u00edrej rovine, kde sa Pitvaro\u0161 nach\u00e1dza, niet lesov a\u00a0stromy tu boli v\u017edy iba listnat\u00e9. K\u00fdm obchod nebol rozvinut\u00fd, symbol viano\u010dn\u00e9ho strom\u010deka tvorila odp\u00edlen\u00e1 hal\u00fazka z\u00a0ak\u00e9hoko\u013evek stromu, ktor\u00fa zavesili na stropn\u00fd r\u00e1m \u2013 hradu, a\u00a0takto ju ozdobili pod\u013ea mo\u017enost\u00ed s\u00a0ozdobami, ak\u00e9 mali dostupn\u00e9. Zv\u00e4\u010d\u0161a to boli orechy, ktor\u00fdm stopku na zavesenie vyrobili zo z\u00e1pa\u013eky a\u00a0pr\u00edpadne orechy zabalili do staniolu, ak tento mali. Medovn\u00ed\u010dky u\u017e boli prepychovej\u0161ie a\u00a0spo\u010diatku ich nemali v\u00a0ka\u017edej dom\u00e1cnosti. Ozdoby robievali z\u00a0papiera, r\u00f4zne, \u010di u\u017e vystrihovan\u00e9, alebo skladan\u00e9.\u00a0 A\u017e nesk\u00f4r, v\u00a020. storo\u010d\u00ed si u\u017e v\u00a0niektor\u00fdch dom\u00e1cnostiach mohli k\u00fapi\u0165 jedli\u010dku, ktor\u00fa ozdobovali u\u017e aj doma vyroben\u00fdmi sal\u00f3nkami, kandizovan\u00fdm ovoc\u00edm, \u010di snehov\u00fdm pe\u010divom. Ve\u013eakr\u00e1t v\u0161ak obsah sal\u00f3nky nahradil kockov\u00fd cukor, ktor\u00fd bol dostupnej\u0161\u00ed, preto\u017ee v\u00a0ne\u010falekom cukrovare na Mez\u0151hegyesi ho vyr\u00e1bali. Po\u010das repnej kampane tu ve\u013ea Pitvaro\u0161anov nach\u00e1dzalo pr\u00e1cu, tento cukrovar stavali \u010cesi. Vo viacer\u00fdch dom\u00e1cnostiach m\u00e1vali <em>\u201eBetlehem\u201c,<\/em> ktor\u00fd zhotovovali otcovia a\u00a0star\u00ed otcovia, aby takto zobrazili de\u0165om skuto\u010dnos\u0165 narodenia P\u00e1na a\u00a0Spasite\u013ea Je\u017ei\u0161a Krista. Na \u0160tedr\u00fd ve\u010der sa chlapci obliekli za <em>\u201eTroch kr\u00e1\u013eov\u201c<\/em> a\u00a0s <em>\u201eBetlehemom\u201c<\/em> chodili po dom\u00e1cnostiach spieva\u0165 a\u00a0vin\u0161ova\u0165. Osvetlenie tvorila po dom\u00e1cky vyroben\u00e1 svie\u010do\u010dka a\u00a0chlapci museli <em>\u201eve\u013emej merkova\u0165\u201c<\/em> (d\u00e1va\u0165 ve\u013ek\u00fd pozor), aby im <em>\u201eBetlehem\u201c<\/em> nezhorel.<\/p>\n<p style=\"text-align: justify;\">Na \u0160tedr\u00fd ve\u010der chodievali deti spieva\u0165 n\u00e1bo\u017en\u00e9 viano\u010dn\u00e9 piesne o\u00a0naroden\u00ed Je\u017ei\u0161a Krista pod okn\u00e1 domov. O\u00a0polnoci spievali dospel\u00ed cirkevn\u00edci na ve\u017ei kostola pri lamp\u00e1\u0161och, niekedy ich doprev\u00e1dzala dychov\u00e1 hudba, alebo t\u00e1to samostatne zahrala evanjelick\u00fa hymnu <em>\u201eHrad prepevn\u00fd je P\u00e1n Boh n\u00e1\u0161\u201c.\u00a0<\/em>Po\u010das \u0161tedrove\u010dernej ve\u010dere gazdin\u00e1 nesmela vsta\u0165 od sviato\u010dne prestret\u00e9ho stola aby nie\u010do priniesla, musela ma\u0165 v\u0161etko pripraven\u00e9 na dosah ruky, lebo ak by vraj vstala, nebude ma\u0165 v\u00a0nast\u00e1vaj\u00facom roku kvo\u010dky. Zo \u0161tedrove\u010dernej ve\u010dere sa odpadky a\u00a0odrobinky odlo\u017eili. Tieto po sviatkoch porozs\u00fdpali popod stromy ku kme\u0148om, aby im vraj tieto v\u017edy rodili a\u00a0prin\u00e1\u0161ali tak\u00e9 dobroty, sladkosti a\u00a0ma\u0161krty, ak\u00e9 maj\u00fa na \u0161tedr\u00fd ve\u010der. Tie\u017e z\u00a0ka\u017ed\u00e9ho jedla \u0161tedrove\u010dern\u00e9ho stola d\u00e1vali po tri \u0161tipky (mal\u00e9 k\u00f4pky) na tanier a\u00a0toto sa vyn\u00e1\u0161alo na povalu, kde to zost\u00e1valo do nasledovn\u00e9ho roka.<\/p>\n<p style=\"text-align: justify;\">V\u00a0prv\u00fd de\u0148 viano\u010dn\u00fd na Bo\u017eie narodenie, r\u00e1no chodili deti vin\u0161ova\u0165 \u2013 <em>\u201eritmova\u0165\u201c<\/em> koledy o\u00a0naroden\u00ed Krista. Tieto n\u00e1v\u0161tevy boli v\u00a0dom\u00e1cnostiach pote\u0161en\u00edm a\u00a0pre deti ve\u013ekou rados\u0165ou, lebo v\u0161ade dostali nie\u010do ako odmenu.<\/p>\n<p style=\"text-align: justify;\"><a href=\"http:\/\/pitvaros.sk\/sk\/wp-content\/uploads\/2017\/12\/Eva-Husarikova01.jpg\"><img loading=\"lazy\" decoding=\"async\" class=\"aligncenter size-full wp-image-1399\" src=\"http:\/\/pitvaros.sk\/sk\/wp-content\/uploads\/2017\/12\/Eva-Husarikova01.jpg\" alt=\"\" width=\"501\" height=\"600\" srcset=\"https:\/\/pitvaros.sk\/sk\/wp-content\/uploads\/2017\/12\/Eva-Husarikova01.jpg 501w, https:\/\/pitvaros.sk\/sk\/wp-content\/uploads\/2017\/12\/Eva-Husarikova01-251x300.jpg 251w\" sizes=\"auto, (max-width: 501px) 100vw, 501px\" \/><\/a><\/p>\n<p style=\"text-align: center;\">Dolnozemsk\u00e9 Vianoce o\u010dami kova\u010dickej insitnej maliarky Evy Hus\u00e1rikovej<\/p>\n<p style=\"text-align: center;\">(Zdroj: <a href=\"http:\/\/www.uszz.sk\/sk\/eva-husarikova-insitna-maliarka-z-kovacice-jubiluje-v-bratislave\">http:\/\/www.uszz.sk\/sk\/eva-husarikova-insitna-maliarka-z-kovacice-jubiluje-v-bratislave<\/a>)<\/p>\n<p>&nbsp;<\/p>\n<p>Diev\u010dat\u00e1 ritmovali takto:<\/p>\n<p style=\"text-align: center;\"><em>Ja som mal\u00e1 veveri\u010dka, p\u00fdtam si ja do ko\u0161\u00ed\u010dka,<\/em><\/p>\n<p style=\"text-align: center;\"><em>kus mrv\u00e1\u0148a, kus kol\u00e1\u010da, vypust\u00edm v\u00e1m z\u00a0chy\u017ei vt\u00e1\u010da.<\/em><\/p>\n<p style=\"text-align: center;\"><em>A\u00a0to vt\u00e1\u010da \u0161tebotalo, P\u00e1na Krista priv\u00edtalo,<\/em><\/p>\n<p style=\"text-align: center;\"><em>aj ja ho v\u00edtam, grajciarik si p\u00fdtam.<\/em><\/p>\n<p style=\"text-align: center;\"><em>Grajciarik mi dajte, zdrav\u00ed ost\u00e1vajte.<\/em><\/p>\n<p style=\"text-align: center;\"><em>Pamodaj dobrvo rano!<\/em><\/p>\n<p>&nbsp;<\/p>\n<p>Chlapci ritmovali takto:<\/p>\n<p style=\"text-align: center;\"><em>\u00a0<\/em><em>Ja som mal\u00fd \u017eia\u010dik, spievam ako vt\u00e1\u010dik,<\/em><\/p>\n<p style=\"text-align: center;\"><em>t\u00e1nvo pri kostole, pri pitvaro\u0161skej \u0161kole.<\/em><\/p>\n<p style=\"text-align: center;\"><em>Chlapci spievaj\u00fa, P\u00e1na Krista v\u00edtaj\u00fa,<\/em><\/p>\n<p style=\"text-align: center;\"><em>aj ja ho v\u00edtam, grajciarik si p\u00fdtam.<\/em><\/p>\n<p style=\"text-align: center;\"><em>Grajciarik mi dajte, zdrav\u00ed ost\u00e1vajte.<\/em><\/p>\n<p style=\"text-align: center;\"><em>Pamodaj dobr\u00fd de\u0148,<\/em><\/p>\n<p style=\"text-align: center;\"><em>aj na rok v\u00e1m pr\u00eddem!<\/em><\/p>\n<p><em>\u00a0<\/em><\/p>\n<p>Od Lucie po \u0160tedr\u00fd de\u0148 si zapisovali po\u010dasie v\u00a0jednotliv\u00fdch d\u0148och a\u00a0pod\u013ea t\u00fdchto z\u00e1pisov predpovedali po\u010dasie na jednotliv\u00e9 mesiace roka. Od Lucie do Troch kr\u00e1\u013eov nevarievali fazu\u013eu, \u0161o\u0161ovicu a\u00a0in\u00e9 strukoviny, aby nedostali tak\u00e9 vyr\u00e1\u017eky, ak\u00e9ho tvaru s\u00fa tieto strukoviny.<\/p>\n<p>Na Nov\u00fd rok si \u013eudia tie\u017e chodili po domoch navz\u00e1jom vin\u0161ova\u0165, aby si tak vyjadrili \u00factu, n\u00e1klonnos\u0165 a\u00a0l\u00e1sku.<\/p>\n<p style=\"text-align: center;\"><em>V\u00a0tomto nov\u00e9m roce, vin\u0161ujem v\u00e1m ze srdce,<\/em><\/p>\n<p style=\"text-align: center;\"><em>by ste dobre a\u00a0spokojne \u017eili, rok nov\u00fd sv\u00e4tili<\/em><\/p>\n<p style=\"text-align: center;\"><em>a\u00a0po roce \u0161\u0165astn\u00e9m, zas nov\u00fd sl\u00e1vili.<\/em><\/p>\n<p><strong>\u00a0<\/strong><\/p>\n<p><img loading=\"lazy\" decoding=\"async\" class=\"wp-image-1401 alignleft\" src=\"http:\/\/pitvaros.sk\/sk\/wp-content\/uploads\/2017\/12\/Kapounova.png\" alt=\"\" width=\"99\" height=\"130\" srcset=\"https:\/\/pitvaros.sk\/sk\/wp-content\/uploads\/2017\/12\/Kapounova.png 600w, https:\/\/pitvaros.sk\/sk\/wp-content\/uploads\/2017\/12\/Kapounova-229x300.png 229w\" sizes=\"auto, (max-width: 99px) 100vw, 99px\" \/><\/p>\n<p>&nbsp;<\/p>\n<p><strong>Autorka textu: Anna Kapounov\u00e1<\/strong><\/p>\n<p>Rod\u00e1\u010dka z\u00a0Pitvaro\u0161a a\u00a0b\u00fdval\u00e1 dlhoro\u010dn\u00e1 dozorky\u0148a evanjelick\u00e9ho a.v. cirkevn\u00e9ho zboru v\u00a0Senci.<\/p>\n<p><a href=\"http:\/\/pitvaros.sk\/sk\/wp-content\/uploads\/2017\/12\/Kapounova.tif\"><img loading=\"lazy\" decoding=\"async\" class=\"aligncenter size-large wp-image-1400\" src=\"http:\/\/pitvaros.sk\/sk\/wp-content\/uploads\/2017\/12\/Kapounova.tif\" alt=\"\" width=\"1\" height=\"1\" \/><\/a><\/p>\n<p>&nbsp;<\/p>\n<p>Zdroj: Seneck\u00fd evanjelick\u00fd hl\u00e1snik, \u010d.2, ro\u010dn\u00edk 5, 2002<\/p>\n<p>&nbsp;<\/p>\n<hr \/>\n<p style=\"text-align: center;\"><strong>Dovo<\/strong><strong>\u013e<\/strong><strong>te mi za<\/strong><strong>\u017e<\/strong><strong>ela<\/strong><strong>\u0165<\/strong><strong> v<\/strong><strong>\u00e1<\/strong><strong>m kr\u00e1sne a\u00a0pokojn\u00e9 pre<\/strong><strong>\u017e<\/strong><strong>itie viano<\/strong><strong>\u010d<\/strong><strong>n<\/strong><strong>\u00fd<\/strong><strong>ch sviatkov,<\/strong><\/p>\n<p style=\"text-align: center;\"><strong>ve<\/strong><strong>\u013e<\/strong><strong>a zdravia, \u00faspechov a\u00a0tvoriv\u00fdch n\u00e1padov v\u00a0Novom roku.<\/strong><\/p>\n<p style=\"text-align: center;\"><strong>Aj v\u00a0roku 2019 chyst\u00e1me pre V\u00e1s nov\u00e9 pitvaro\u0161sk\u00e9 projekty a\u00a0podujatia.<\/strong><\/p>\n<p style=\"text-align: center;\"><strong>\u00a0<\/strong><\/p>\n<p style=\"text-align: center;\"><strong>Praje Michal Ko<\/strong><strong>\u017e<\/strong><strong>uch<\/strong><\/p>\n<hr \/>\n<p>&nbsp;<\/p>\n","protected":false},"excerpt":{"rendered":"<p>Ako je zn\u00e1me, Pitvaro\u0161 bol zalo\u017een\u00fd v\u00a0roku 1816 slovensk\u00fdmi predkami, ktor\u00ed poch\u00e1dzali predov\u0161etk\u00fdm z\u00a0Gemera, Novohradu a\u00a0Hontu, ale aj z\u00a0in\u00fdch \u010dast\u00ed Slovenska, ako napr\u00edklad z\u00a0Turca, od Zvolena, \u010di od Tren\u010d\u00edna. V\u0161etci si so sebou doniesli zvyky, ktor\u00e9 sa nesk\u00f4r ako samozrejmos\u0165 dodr\u017eiavali pri ak\u00fdchko\u013evek pr\u00edle\u017eitostiach, a\u00a0tak tomu bolo aj so zvykmi viano\u010dn\u00fdmi. Postupne od niektor\u00fdch aj <a href=\"https:\/\/pitvaros.sk\/sk\/?p=1397\" rel=\"nofollow\"><span class=\"sr-only\">Pre\u010d\u00edta\u0165 viac o Ako sa sl\u00e1vili Vianoce na Pitvaro\u0161i<\/span>[&hellip;]<\/a><\/p>\n","protected":false},"author":1,"featured_media":1398,"comment_status":"open","ping_status":"open","sticky":false,"template":"","format":"standard","meta":{"_jetpack_memberships_contains_paid_content":false,"footnotes":""},"categories":[8,10],"tags":[],"class_list":["post-1397","post","type-post","status-publish","format-standard","has-post-thumbnail","hentry","category-clanky","category-tradicna-kultura"],"jetpack_featured_media_url":"https:\/\/pitvaros.sk\/sk\/wp-content\/uploads\/2017\/12\/Eva-Husarikova02.jpg","jetpack_sharing_enabled":true,"_links":{"self":[{"href":"https:\/\/pitvaros.sk\/sk\/index.php?rest_route=\/wp\/v2\/posts\/1397","targetHints":{"allow":["GET"]}}],"collection":[{"href":"https:\/\/pitvaros.sk\/sk\/index.php?rest_route=\/wp\/v2\/posts"}],"about":[{"href":"https:\/\/pitvaros.sk\/sk\/index.php?rest_route=\/wp\/v2\/types\/post"}],"author":[{"embeddable":true,"href":"https:\/\/pitvaros.sk\/sk\/index.php?rest_route=\/wp\/v2\/users\/1"}],"replies":[{"embeddable":true,"href":"https:\/\/pitvaros.sk\/sk\/index.php?rest_route=%2Fwp%2Fv2%2Fcomments&post=1397"}],"version-history":[{"count":3,"href":"https:\/\/pitvaros.sk\/sk\/index.php?rest_route=\/wp\/v2\/posts\/1397\/revisions"}],"predecessor-version":[{"id":2169,"href":"https:\/\/pitvaros.sk\/sk\/index.php?rest_route=\/wp\/v2\/posts\/1397\/revisions\/2169"}],"wp:featuredmedia":[{"embeddable":true,"href":"https:\/\/pitvaros.sk\/sk\/index.php?rest_route=\/wp\/v2\/media\/1398"}],"wp:attachment":[{"href":"https:\/\/pitvaros.sk\/sk\/index.php?rest_route=%2Fwp%2Fv2%2Fmedia&parent=1397"}],"wp:term":[{"taxonomy":"category","embeddable":true,"href":"https:\/\/pitvaros.sk\/sk\/index.php?rest_route=%2Fwp%2Fv2%2Fcategories&post=1397"},{"taxonomy":"post_tag","embeddable":true,"href":"https:\/\/pitvaros.sk\/sk\/index.php?rest_route=%2Fwp%2Fv2%2Ftags&post=1397"}],"curies":[{"name":"wp","href":"https:\/\/api.w.org\/{rel}","templated":true}]}}