{"id":2442,"date":"2019-10-30T20:00:19","date_gmt":"2019-10-30T19:00:19","guid":{"rendered":"http:\/\/pitvaros.sk\/?p=2442"},"modified":"2019-10-31T14:26:23","modified_gmt":"2019-10-31T13:26:23","slug":"evanjelicka-fara-na-pitvarosi","status":"publish","type":"post","link":"https:\/\/pitvaros.sk\/sk\/?p=2442","title":{"rendered":"Evanjelick\u00e1 fara na Pitvaro\u0161i"},"content":{"rendered":"<p style=\"text-align: justify;\">Pokra\u010dujeme v predstavovan\u00ed v\u00fdznamn\u00fdch pitvaro\u0161sk\u00fdch stavieb a roz\u0161irujeme tak ed\u00edciu u\u017e spracovan\u00fdch budov, udalost\u00ed a os\u00f4b. V\u0161etky spracovan\u00e9 budovy si m\u00f4\u017eete pozrie\u0165 v z\u00e1lo\u017eke <strong>Spozn\u00e1vame Pitvaro\u0161<\/strong>. Tentokr\u00e1t sme sa zamerali na budovu evanjelickej fary. Evanjelick\u00e1 fara sa nach\u00e1dza v\u00a0srdci Pitvaro\u0161a, priamo v\u00a0susedstve evanjelick\u00e9ho kostola. Stoj\u00ed pri malom n\u00e1mest\u00ed, na Ve\u013ekej ulici. Osud tejto budovy rovnako ako kostola je \u00fazko sp\u00e4t\u00fd s\u00a0evanjelickou cirkvou na Pitvaro\u0161i, jej\u00a0 rozkvetom i\u00a0postupn\u00fdm \u00fatlmom.<\/p>\n<p>&nbsp;<\/p>\n<p><a href=\"http:\/\/pitvaros.sk\/sk\/wp-content\/uploads\/2019\/12\/kostol12.png\"><img loading=\"lazy\" decoding=\"async\" class=\"aligncenter wp-image-2450\" src=\"http:\/\/pitvaros.sk\/sk\/wp-content\/uploads\/2019\/12\/kostol12-1024x490.png\" alt=\"\" width=\"1023\" height=\"489\" srcset=\"https:\/\/pitvaros.sk\/sk\/wp-content\/uploads\/2019\/12\/kostol12-1024x490.png 1024w, https:\/\/pitvaros.sk\/sk\/wp-content\/uploads\/2019\/12\/kostol12-300x144.png 300w, https:\/\/pitvaros.sk\/sk\/wp-content\/uploads\/2019\/12\/kostol12-768x368.png 768w\" sizes=\"auto, (max-width: 1023px) 100vw, 1023px\" \/><\/a><\/p>\n<p style=\"text-align: center;\"><em>Centrum Pitvaro\u0161a v\u00a040. rokoch 20. storo\u010dia, po\u010d\u00edta\u010dov\u00fd model<\/em><\/p>\n<p>&nbsp;<\/p>\n<p style=\"text-align: justify;\">Evanjelick\u00e1 cirkev na Pitvaro\u0161i bola neodmyslite\u013ene spojen\u00e1 so \u017eivotom v\u00e4\u010d\u0161iny obyvate\u013eov a \u017eivotom celej obce. Nezastupite\u013en\u00e9 miesto cirkvi bolo najviac evidentn\u00e9 v obradoch prechodu, ktor\u00fdmi prech\u00e1dzal sn\u00e1\u010f ka\u017ed\u00fd Pitvaro\u0161an. Takmer v\u0161etci boli toti\u017e v evanjelickej cirkvi pokrsten\u00ed, v\u00e4\u010d\u0161ina bola cirkevne sob\u00e1\u0161en\u00e1 a nesk\u00f4r aj pochovan\u00e1. Evanjelick\u00e1 cirkev na Pitvaro\u0161i sa za\u010dala formova\u0165 hne\u010f po pr\u00edchode 175 \u017eeliarov na Pitvaro\u0161sk\u00fa pustatinu v roku 1816. A\u017e do roku 1835 v\u0161ak bola f\u00edliou nadlackej cirkvi. V roku 1835 vznikla samostatn\u00e1 obec Pitvaro\u0161 a pri tej pr\u00edle\u017eitosti ju po n\u00e1v\u0161teve 22. j\u00fana superintendent J\u00e1n Seber\u00edni pov\u00fd\u0161il na matkocirkev. Dovtedy nemali Pitvaro\u0161ania vlastn\u00e9ho far\u00e1ra, cirkevn\u00fa da\u0148 platili do Nadlaku. Do osamostatnenia pitvaro\u0161skej cirkvi vykon\u00e1vali laick\u00e9 slu\u017eby Bo\u017eie u\u010ditelia &#8211; <em>leviti<\/em>. Je pravdepodobn\u00e9, \u017ee na slu\u017eby Bo\u017eie sa pitvaro\u0161ania a\u017e do roku 1834 zhroma\u017e\u010fovali v prenajatom dome, ktor\u00fd po\u010das t\u00fd\u017ed\u0148a sl\u00fa\u017eil ako \u0161kola. V roku 1825 venovala nadlack\u00e1 matkocirkev pitvaro\u0161skej f\u00edlii 200 kg zvon. Na tento \u00fa\u010del postavili Pitvaro\u0161ania aj dreven\u00fa zvonicu, ktor\u00e1 pravdepodobne st\u00e1la na mieste teraj\u0161ej fary. V\u00fdznamn\u00fdm d\u0148om v \u017eivote pitvaro\u0161skej cirkvi bol 5 okt\u00f3ber 1834, kedy bola vysv\u00e4ten\u00e1 prv\u00e1 modliteb\u0148a, ktor\u00e1 sl\u00fa\u017eila svojmu \u00fa\u010delu a\u017e do vysviacky kostola v roku 1882. Nach\u00e1dzala sa na mieste teraj\u0161ej fary a mala 19 okien, 2 dver\u00ed a 60 lav\u00edc. Do neho si zak\u00fapili od koml\u00f3\u0161skej cirkvi za 150 zlat\u00fdch aj harm\u00f3nium.<\/p>\n<p><a href=\"http:\/\/pitvaros.sk\/sk\/wp-content\/uploads\/2019\/12\/zvonica.jpg\"><img loading=\"lazy\" decoding=\"async\" class=\"aligncenter wp-image-2453\" src=\"http:\/\/pitvaros.sk\/sk\/wp-content\/uploads\/2019\/12\/zvonica.jpg\" alt=\"\" width=\"699\" height=\"431\" srcset=\"https:\/\/pitvaros.sk\/sk\/wp-content\/uploads\/2019\/12\/zvonica.jpg 668w, https:\/\/pitvaros.sk\/sk\/wp-content\/uploads\/2019\/12\/zvonica-300x185.jpg 300w\" sizes=\"auto, (max-width: 699px) 100vw, 699px\" \/><\/a><\/p>\n<p style=\"text-align: center;\"><em>N\u00e1kres prvej pitvaro\u0161skej modlitebne, fary a\u00a0zvonice<\/em><\/p>\n<p style=\"text-align: justify;\">Pitvaro\u0161sk\u00e1 cirkev mala pr\u00e1vo voli\u0165 si svojho k\u0148aza a aj u\u010dite\u013ea, pri\u010dom voli\u0165 mohol iba \u010dlen zboru, ktor\u00fd si pravidelne platil cirkevn\u00fa da\u0148. K\u0148az mal k dispoz\u00edcii faru s roz\u013eahlou z\u00e1hradou, 100 centov obilia a 14 jut\u00e1r zeme, ktor\u00fa prenaj\u00edmal. Na fare b\u00fdval far\u00e1r so svojou rodinou. Na pomocn\u00e9 pr\u00e1ce sl\u00fa\u017eili a vypom\u00e1hali na fare mlad\u00e9 diev\u010dat\u00e1 z dediny. Nov\u00fd evanjelick\u00fd kostol na Pitvaro\u0161i bol vysv\u00e4ten\u00fd v roku 1882. O dva roky nesk\u00f4r, v roku 1884 dokon\u010dili aj stavbu novej fary, ktor\u00e1 mala \u0161es\u0165 izieb, komoru, k\u00fape\u013e\u0148u, kuchy\u0148u a \u0161pajzu spolu s priestrannou z\u00e1hradou a hospod\u00e1rskymi budovami. Medzi budovou fary a kostolom st\u00e1la ve\u013ek\u00e1 vahadlov\u00e1 stud\u0148a.<\/p>\n<p><a href=\"http:\/\/pitvaros.sk\/sk\/wp-content\/uploads\/2019\/12\/pohladst.jpg\"><img loading=\"lazy\" decoding=\"async\" class=\"aligncenter wp-image-2455\" src=\"http:\/\/pitvaros.sk\/sk\/wp-content\/uploads\/2019\/12\/pohladst-1024x658.jpg\" alt=\"\" width=\"703\" height=\"452\" srcset=\"https:\/\/pitvaros.sk\/sk\/wp-content\/uploads\/2019\/12\/pohladst-1024x658.jpg 1024w, https:\/\/pitvaros.sk\/sk\/wp-content\/uploads\/2019\/12\/pohladst-300x193.jpg 300w, https:\/\/pitvaros.sk\/sk\/wp-content\/uploads\/2019\/12\/pohladst-768x493.jpg 768w, https:\/\/pitvaros.sk\/sk\/wp-content\/uploads\/2019\/12\/pohladst.jpg 1034w\" sizes=\"auto, (max-width: 703px) 100vw, 703px\" \/><\/a><\/p>\n<p style=\"text-align: center;\"><em>Poh\u013eadnica s\u00a0farou a\u00a0evanjelick\u00fdm kostolom, za\u010diatok. 20. storo\u010dia<\/em><\/p>\n<p style=\"text-align: justify;\">V roku 1920 pokryli faru eternitovou krytinou a v roku 1938 boli na fare osaden\u00e9 nov\u00e9 okn\u00e1 a dvere. Pred bl\u00ed\u017eiacim sa frontom v roku 1944 odi\u0161li z obce v\u0161etci u\u010ditelia a s nimi aj evanjelick\u00fd far\u00e1r. Kostol zostal pr\u00e1zdny a obsadili ho nemeck\u00e9 vojsk\u00e1, ktor\u00e9 si v \u0148om ustajnili kone a slamu. Faru obsadilo vojensk\u00e9 velite\u013estvo. Po osloboden\u00ed v okt\u00f3bri 1944 sa cirkevn\u00fd \u017eivot v obci \u010diasto\u010dne obnovil. V\u00fdmena obyvate\u013estva v roku 1947 v\u00fdrazne oslabila tunaj\u0161\u00ed cirkevn\u00fd zbor a jeho \u017eivotaschopnos\u0165. Na Pitvaro\u0161 vys\u00eddlen\u00e9 ma\u010farsk\u00e9 obyvate\u013estvo z Kol\u00e1rova a Nov\u00fdch Z\u00e1mkov bolo preva\u017ene r\u00edmsko-katol\u00edcke. Po\u010det cirkevn\u00edkov sa zn\u00ed\u017eil o dve tretiny. V 90. rokoch bola budova fary prenajat\u00e1 na svetsk\u00e9 \u00fa\u010dely (bol tam zriaden\u00fd obchod) a aj z t\u00fdchto pr\u00edjmov bol financovan\u00fd chod m\u00e1lopo\u010detn\u00e9ho evanjelick\u00e9ho zboru na Pitvaro\u0161i.<\/p>\n<p><a href=\"http:\/\/pitvaros.sk\/sk\/wp-content\/uploads\/2019\/12\/20180908-KTP_8848.jpg\"><img loading=\"lazy\" decoding=\"async\" class=\"aligncenter wp-image-2458\" src=\"http:\/\/pitvaros.sk\/sk\/wp-content\/uploads\/2019\/12\/20180908-KTP_8848-1024x683.jpg\" alt=\"\" width=\"686\" height=\"458\" srcset=\"https:\/\/pitvaros.sk\/sk\/wp-content\/uploads\/2019\/12\/20180908-KTP_8848-1024x683.jpg 1024w, https:\/\/pitvaros.sk\/sk\/wp-content\/uploads\/2019\/12\/20180908-KTP_8848-300x200.jpg 300w, https:\/\/pitvaros.sk\/sk\/wp-content\/uploads\/2019\/12\/20180908-KTP_8848-768x512.jpg 768w, https:\/\/pitvaros.sk\/sk\/wp-content\/uploads\/2019\/12\/20180908-KTP_8848-750x500.jpg 750w, https:\/\/pitvaros.sk\/sk\/wp-content\/uploads\/2019\/12\/20180908-KTP_8848.jpg 1600w\" sizes=\"auto, (max-width: 686px) 100vw, 686px\" \/><\/a><\/p>\n<p style=\"text-align: center;\"><em>Bo\u010dn\u00fd vstup na faru sl\u00fa\u017eil v\u00a0minulosti ako obchod<\/em><\/p>\n<p><a href=\"http:\/\/pitvaros.sk\/sk\/wp-content\/uploads\/2019\/12\/kostol-a-fara.jpg\"><img loading=\"lazy\" decoding=\"async\" class=\"aligncenter wp-image-2463\" src=\"http:\/\/pitvaros.sk\/sk\/wp-content\/uploads\/2019\/12\/kostol-a-fara-1024x768.jpg\" alt=\"\" width=\"678\" height=\"508\" srcset=\"https:\/\/pitvaros.sk\/sk\/wp-content\/uploads\/2019\/12\/kostol-a-fara-1024x768.jpg 1024w, https:\/\/pitvaros.sk\/sk\/wp-content\/uploads\/2019\/12\/kostol-a-fara-300x225.jpg 300w, https:\/\/pitvaros.sk\/sk\/wp-content\/uploads\/2019\/12\/kostol-a-fara-768x576.jpg 768w, https:\/\/pitvaros.sk\/sk\/wp-content\/uploads\/2019\/12\/kostol-a-fara-285x214.jpg 285w\" sizes=\"auto, (max-width: 678px) 100vw, 678px\" \/><\/a><\/p>\n<p style=\"text-align: center;\"><em>Poh\u013ead na kostol a\u00a0faru z\u00a0roku 2005<\/em><\/p>\n<p><a href=\"http:\/\/pitvaros.sk\/sk\/wp-content\/uploads\/2019\/12\/06-modlitebna-01.jpg\"><img loading=\"lazy\" decoding=\"async\" class=\"aligncenter wp-image-2460\" src=\"http:\/\/pitvaros.sk\/sk\/wp-content\/uploads\/2019\/12\/06-modlitebna-01-1024x683.jpg\" alt=\"\" width=\"676\" height=\"451\" srcset=\"https:\/\/pitvaros.sk\/sk\/wp-content\/uploads\/2019\/12\/06-modlitebna-01-1024x683.jpg 1024w, https:\/\/pitvaros.sk\/sk\/wp-content\/uploads\/2019\/12\/06-modlitebna-01-300x200.jpg 300w, https:\/\/pitvaros.sk\/sk\/wp-content\/uploads\/2019\/12\/06-modlitebna-01-768x512.jpg 768w, https:\/\/pitvaros.sk\/sk\/wp-content\/uploads\/2019\/12\/06-modlitebna-01-750x500.jpg 750w\" sizes=\"auto, (max-width: 676px) 100vw, 676px\" \/><\/a><\/p>\n<p style=\"text-align: center;\"><em>Modliteb\u0148a na fare, rok 2016<\/em><\/p>\n<p><a href=\"http:\/\/pitvaros.sk\/sk\/wp-content\/uploads\/2019\/12\/Kostolna-plac2.jpg\"><img loading=\"lazy\" decoding=\"async\" class=\"aligncenter wp-image-2454\" src=\"http:\/\/pitvaros.sk\/sk\/wp-content\/uploads\/2019\/12\/Kostolna-plac2-1024x768.jpg\" alt=\"\" width=\"668\" height=\"501\" srcset=\"https:\/\/pitvaros.sk\/sk\/wp-content\/uploads\/2019\/12\/Kostolna-plac2-1024x768.jpg 1024w, https:\/\/pitvaros.sk\/sk\/wp-content\/uploads\/2019\/12\/Kostolna-plac2-300x225.jpg 300w, https:\/\/pitvaros.sk\/sk\/wp-content\/uploads\/2019\/12\/Kostolna-plac2-768x576.jpg 768w, https:\/\/pitvaros.sk\/sk\/wp-content\/uploads\/2019\/12\/Kostolna-plac2-285x214.jpg 285w\" sizes=\"auto, (max-width: 668px) 100vw, 668px\" \/><\/a><\/p>\n<p style=\"text-align: center;\"><em>Trhovisko v\u00a0z\u00e1hrade evanjelickej fary, rok 2005<\/em><\/p>\n<p style=\"text-align: justify;\">Za\u010diatkom 21. storo\u010dia bol kostol pre zl\u00fd technick\u00fd stav zatvoren\u00fd a v budove evanjelickej fary bola zriaden\u00e1 mal\u00e1 modliteb\u0148a s olt\u00e1rom kde sa dnes vykon\u00e1vaj\u00fa Slu\u017eby Bo\u017eie. Na \u010dasti pozemku farskej z\u00e1hrady bolo postaven\u00e9 trhovisko. Are\u00e1l trhoviska bol roz\u0161\u00edren\u00fd v\u00a0roku 2019. V\u00a0roku 2018 pre\u0161la fara komplexnou rekon\u0161trukciou. Budovu s\u00fa\u010dasnej evanjelickej fary ob\u00fdvali nasledovn\u00ed far\u00e1ri: Pavel Kore\u0148 (1868-1891), J\u00e1n \u0160ag\u00fa\u013e (1891-1933), Pavel Z\u00e1skalick\u00fd (1933-1934) a Ondrej Gub\u010do (1935-1944).<\/p>\n<p><a href=\"http:\/\/pitvaros.sk\/sk\/wp-content\/uploads\/2019\/12\/20180908-KTP_8851.jpg\"><img loading=\"lazy\" decoding=\"async\" class=\"aligncenter wp-image-2459\" src=\"http:\/\/pitvaros.sk\/sk\/wp-content\/uploads\/2019\/12\/20180908-KTP_8851-1024x683.jpg\" alt=\"\" width=\"668\" height=\"446\" srcset=\"https:\/\/pitvaros.sk\/sk\/wp-content\/uploads\/2019\/12\/20180908-KTP_8851-1024x683.jpg 1024w, https:\/\/pitvaros.sk\/sk\/wp-content\/uploads\/2019\/12\/20180908-KTP_8851-300x200.jpg 300w, https:\/\/pitvaros.sk\/sk\/wp-content\/uploads\/2019\/12\/20180908-KTP_8851-768x512.jpg 768w, https:\/\/pitvaros.sk\/sk\/wp-content\/uploads\/2019\/12\/20180908-KTP_8851-750x500.jpg 750w, https:\/\/pitvaros.sk\/sk\/wp-content\/uploads\/2019\/12\/20180908-KTP_8851.jpg 1600w\" sizes=\"auto, (max-width: 668px) 100vw, 668px\" \/><\/a><\/p>\n<p style=\"text-align: center;\"><em>Fara po rekon\u0161trukcii v\u00a0roku 2018<\/em><\/p>\n<p><a href=\"http:\/\/pitvaros.sk\/sk\/wp-content\/uploads\/2019\/12\/20180908-KTP_8842.jpg\"><img loading=\"lazy\" decoding=\"async\" class=\"aligncenter wp-image-2462\" src=\"http:\/\/pitvaros.sk\/sk\/wp-content\/uploads\/2019\/12\/20180908-KTP_8842-1024x683.jpg\" alt=\"\" width=\"668\" height=\"446\" srcset=\"https:\/\/pitvaros.sk\/sk\/wp-content\/uploads\/2019\/12\/20180908-KTP_8842-1024x683.jpg 1024w, https:\/\/pitvaros.sk\/sk\/wp-content\/uploads\/2019\/12\/20180908-KTP_8842-300x200.jpg 300w, https:\/\/pitvaros.sk\/sk\/wp-content\/uploads\/2019\/12\/20180908-KTP_8842-768x512.jpg 768w, https:\/\/pitvaros.sk\/sk\/wp-content\/uploads\/2019\/12\/20180908-KTP_8842-750x500.jpg 750w, https:\/\/pitvaros.sk\/sk\/wp-content\/uploads\/2019\/12\/20180908-KTP_8842.jpg 1600w\" sizes=\"auto, (max-width: 668px) 100vw, 668px\" \/><\/a><\/p>\n<p style=\"text-align: center;\"><em>Interi\u00e9r fary po rekon\u0161trukcii v\u00a0roku 2018<\/em><\/p>\n<p>&nbsp;<\/p>\n<p><a href=\"http:\/\/pitvaros.sk\/sk\/wp-content\/uploads\/2019\/10\/fara-karta.jpg\"><img loading=\"lazy\" decoding=\"async\" class=\"aligncenter size-full wp-image-2446\" src=\"http:\/\/pitvaros.sk\/sk\/wp-content\/uploads\/2019\/10\/fara-karta.jpg\" alt=\"\" width=\"911\" height=\"642\" srcset=\"https:\/\/pitvaros.sk\/sk\/wp-content\/uploads\/2019\/10\/fara-karta.jpg 911w, https:\/\/pitvaros.sk\/sk\/wp-content\/uploads\/2019\/10\/fara-karta-300x211.jpg 300w, https:\/\/pitvaros.sk\/sk\/wp-content\/uploads\/2019\/10\/fara-karta-768x541.jpg 768w\" sizes=\"auto, (max-width: 911px) 100vw, 911px\" \/><\/a><\/p>\n<p style=\"text-align: center;\"><em><a href=\"http:\/\/pitvaros.sk\/sk\/wp-content\/uploads\/2019\/10\/fara-karta.pdf\">evanjelick\u00e1 fara<\/a><\/em><\/p>\n<p>&nbsp;<\/p>\n<p>&nbsp;<\/p>\n<p>(Zdroj: Pitvaro\u0161 a Pitvaro\u0161ania, 2007, Fotografie: Juraj Majo, Michal Ko\u017euch, www.evangelikus.hu. Autor po\u010d\u00edta\u010dov\u00e9ho modelu: Michal Ko\u017euch)<\/p>\n<p>&nbsp;<\/p>\n<p><strong>Autor \u010dl\u00e1nku:<\/strong> Michal Ko\u017euch<\/p>\n<p>&nbsp;<\/p>\n","protected":false},"excerpt":{"rendered":"<p>Pokra\u010dujeme v predstavovan\u00ed v\u00fdznamn\u00fdch pitvaro\u0161sk\u00fdch stavieb a roz\u0161irujeme tak ed\u00edciu u\u017e spracovan\u00fdch budov, udalost\u00ed a os\u00f4b. V\u0161etky spracovan\u00e9 budovy si m\u00f4\u017eete pozrie\u0165 v z\u00e1lo\u017eke Spozn\u00e1vame Pitvaro\u0161. Tentokr\u00e1t sme sa zamerali na budovu evanjelickej fary. Evanjelick\u00e1 fara sa nach\u00e1dza v\u00a0srdci Pitvaro\u0161a, priamo v\u00a0susedstve evanjelick\u00e9ho kostola. Stoj\u00ed pri malom n\u00e1mest\u00ed, na Ve\u013ekej ulici. Osud tejto budovy rovnako <a href=\"https:\/\/pitvaros.sk\/sk\/?p=2442\" rel=\"nofollow\"><span class=\"sr-only\">Pre\u010d\u00edta\u0165 viac o Evanjelick\u00e1 fara na Pitvaro\u0161i<\/span>[&hellip;]<\/a><\/p>\n","protected":false},"author":1,"featured_media":2449,"comment_status":"open","ping_status":"open","sticky":false,"template":"","format":"standard","meta":{"_jetpack_memberships_contains_paid_content":false,"footnotes":""},"categories":[8],"tags":[],"class_list":["post-2442","post","type-post","status-publish","format-standard","has-post-thumbnail","hentry","category-clanky"],"jetpack_featured_media_url":"https:\/\/pitvaros.sk\/sk\/wp-content\/uploads\/2019\/12\/234a.png","jetpack_sharing_enabled":true,"_links":{"self":[{"href":"https:\/\/pitvaros.sk\/sk\/index.php?rest_route=\/wp\/v2\/posts\/2442","targetHints":{"allow":["GET"]}}],"collection":[{"href":"https:\/\/pitvaros.sk\/sk\/index.php?rest_route=\/wp\/v2\/posts"}],"about":[{"href":"https:\/\/pitvaros.sk\/sk\/index.php?rest_route=\/wp\/v2\/types\/post"}],"author":[{"embeddable":true,"href":"https:\/\/pitvaros.sk\/sk\/index.php?rest_route=\/wp\/v2\/users\/1"}],"replies":[{"embeddable":true,"href":"https:\/\/pitvaros.sk\/sk\/index.php?rest_route=%2Fwp%2Fv2%2Fcomments&post=2442"}],"version-history":[{"count":4,"href":"https:\/\/pitvaros.sk\/sk\/index.php?rest_route=\/wp\/v2\/posts\/2442\/revisions"}],"predecessor-version":[{"id":2464,"href":"https:\/\/pitvaros.sk\/sk\/index.php?rest_route=\/wp\/v2\/posts\/2442\/revisions\/2464"}],"wp:featuredmedia":[{"embeddable":true,"href":"https:\/\/pitvaros.sk\/sk\/index.php?rest_route=\/wp\/v2\/media\/2449"}],"wp:attachment":[{"href":"https:\/\/pitvaros.sk\/sk\/index.php?rest_route=%2Fwp%2Fv2%2Fmedia&parent=2442"}],"wp:term":[{"taxonomy":"category","embeddable":true,"href":"https:\/\/pitvaros.sk\/sk\/index.php?rest_route=%2Fwp%2Fv2%2Fcategories&post=2442"},{"taxonomy":"post_tag","embeddable":true,"href":"https:\/\/pitvaros.sk\/sk\/index.php?rest_route=%2Fwp%2Fv2%2Ftags&post=2442"}],"curies":[{"name":"wp","href":"https:\/\/api.w.org\/{rel}","templated":true}]}}