{"id":2476,"date":"2020-01-01T07:00:33","date_gmt":"2020-01-01T06:00:33","guid":{"rendered":"http:\/\/pitvaros.sk\/?p=2476"},"modified":"2020-01-08T14:42:58","modified_gmt":"2020-01-08T13:42:58","slug":"pitvarossky-kalendar-na-rok-2020","status":"publish","type":"post","link":"https:\/\/pitvaros.sk\/sk\/?p=2476","title":{"rendered":"Pitvaro\u0161sk\u00fd kalend\u00e1r na rok 2020"},"content":{"rendered":"<p style=\"text-align: justify;\">V\u00e1\u017een\u00ed \u010ditatelia port\u00e1lu www.pitvaros.sk s pr\u00edchodom nov\u00e9ho roka sme si pre v\u00e1s u\u017e tradi\u010dne pripravili pitvaro\u0161sk\u00fd kalend\u00e1r s vyobrazeniami zn\u00e1mych pitvaro\u0161sk\u00fdch stavieb. Do kalend\u00e1ra si tak budete m\u00f4c\u0165 zazna\u010di\u0165 term\u00edny udalost\u00ed, ktor\u00e9 n\u00e1s v roku 2020 \u010dakaj\u00fa.<\/p>\n<p><a href=\"http:\/\/pitvaros.sk\/sk\/wp-content\/uploads\/2019\/12\/Kalendar-2020.jpg\"><img loading=\"lazy\" decoding=\"async\" class=\"aligncenter wp-image-2478\" src=\"http:\/\/pitvaros.sk\/sk\/wp-content\/uploads\/2019\/12\/Kalendar-2020.jpg\" alt=\"\" width=\"819\" height=\"578\" srcset=\"https:\/\/pitvaros.sk\/sk\/wp-content\/uploads\/2019\/12\/Kalendar-2020.jpg 849w, https:\/\/pitvaros.sk\/sk\/wp-content\/uploads\/2019\/12\/Kalendar-2020-300x212.jpg 300w, https:\/\/pitvaros.sk\/sk\/wp-content\/uploads\/2019\/12\/Kalendar-2020-768x542.jpg 768w\" sizes=\"auto, (max-width: 819px) 100vw, 819px\" \/><\/a><\/p>\n<p style=\"text-align: center;\"><a href=\"http:\/\/pitvaros.sk\/sk\/wp-content\/uploads\/2020\/01\/kalendar-2020.pdf\">Kalend\u00e1r 2020 na stiahnutie<\/a><\/p>\n<p style=\"text-align: left;\">Autor \u010dl\u00e1nku: Michal Ko\u017euch<\/p>\n","protected":false},"excerpt":{"rendered":"<p>V\u00e1\u017een\u00ed \u010ditatelia port\u00e1lu www.pitvaros.sk s pr\u00edchodom nov\u00e9ho roka sme si pre v\u00e1s u\u017e tradi\u010dne pripravili pitvaro\u0161sk\u00fd kalend\u00e1r s vyobrazeniami zn\u00e1mych pitvaro\u0161sk\u00fdch stavieb. Do kalend\u00e1ra si tak budete m\u00f4c\u0165 zazna\u010di\u0165 term\u00edny udalost\u00ed, ktor\u00e9 n\u00e1s v roku 2020 \u010dakaj\u00fa. Kalend\u00e1r 2020 na stiahnutie Autor \u010dl\u00e1nku: Michal Ko\u017euch<\/p>\n","protected":false},"author":1,"featured_media":2478,"comment_status":"open","ping_status":"open","sticky":false,"template":"","format":"standard","meta":{"_jetpack_memberships_contains_paid_content":false,"footnotes":""},"categories":[8],"tags":[],"class_list":["post-2476","post","type-post","status-publish","format-standard","has-post-thumbnail","hentry","category-clanky"],"jetpack_featured_media_url":"https:\/\/pitvaros.sk\/sk\/wp-content\/uploads\/2019\/12\/Kalendar-2020.jpg","jetpack_sharing_enabled":true,"_links":{"self":[{"href":"https:\/\/pitvaros.sk\/sk\/index.php?rest_route=\/wp\/v2\/posts\/2476","targetHints":{"allow":["GET"]}}],"collection":[{"href":"https:\/\/pitvaros.sk\/sk\/index.php?rest_route=\/wp\/v2\/posts"}],"about":[{"href":"https:\/\/pitvaros.sk\/sk\/index.php?rest_route=\/wp\/v2\/types\/post"}],"author":[{"embeddable":true,"href":"https:\/\/pitvaros.sk\/sk\/index.php?rest_route=\/wp\/v2\/users\/1"}],"replies":[{"embeddable":true,"href":"https:\/\/pitvaros.sk\/sk\/index.php?rest_route=%2Fwp%2Fv2%2Fcomments&post=2476"}],"version-history":[{"count":4,"href":"https:\/\/pitvaros.sk\/sk\/index.php?rest_route=\/wp\/v2\/posts\/2476\/revisions"}],"predecessor-version":[{"id":2497,"href":"https:\/\/pitvaros.sk\/sk\/index.php?rest_route=\/wp\/v2\/posts\/2476\/revisions\/2497"}],"wp:featuredmedia":[{"embeddable":true,"href":"https:\/\/pitvaros.sk\/sk\/index.php?rest_route=\/wp\/v2\/media\/2478"}],"wp:attachment":[{"href":"https:\/\/pitvaros.sk\/sk\/index.php?rest_route=%2Fwp%2Fv2%2Fmedia&parent=2476"}],"wp:term":[{"taxonomy":"category","embeddable":true,"href":"https:\/\/pitvaros.sk\/sk\/index.php?rest_route=%2Fwp%2Fv2%2Fcategories&post=2476"},{"taxonomy":"post_tag","embeddable":true,"href":"https:\/\/pitvaros.sk\/sk\/index.php?rest_route=%2Fwp%2Fv2%2Ftags&post=2476"}],"curies":[{"name":"wp","href":"https:\/\/api.w.org\/{rel}","templated":true}]}}