{"id":2532,"date":"2020-03-03T17:27:03","date_gmt":"2020-03-03T16:27:03","guid":{"rendered":"http:\/\/pitvaros.sk\/?p=2532"},"modified":"2020-03-03T17:29:36","modified_gmt":"2020-03-03T16:29:36","slug":"pitvarossky-kalendar-na-rok-2020-2","status":"publish","type":"post","link":"https:\/\/pitvaros.sk\/sk\/?p=2532","title":{"rendered":"Pitvaro\u0161sk\u00fd kalend\u00e1r na rok 2020"},"content":{"rendered":"<p style=\"text-align: justify;\">V\u00e1\u017een\u00ed \u010ditatelia port\u00e1lu www.pitvaros.sk, pripravili sme si pre V\u00e1s op\u00e4\u0165 mal\u00fa novinku a\u00a0tou je pitvaro\u0161sk\u00fd kalend\u00e1r na rok 2020. In\u0161pirovali sme sa podobn\u00fdmi projektami, ktor\u00e9 \u00faspe\u0161ne vych\u00e1dzaj\u00fa u\u017e roky a\u00a0mnoh\u00e9 z\u00a0nich pozn\u00e1te ako napr. \u010cabiansky kalend\u00e1r, N\u00e1\u0161 kalend\u00e1r alebo i\u00a0Tranovsk\u00e9ho kalend\u00e1r. Kalend\u00e1re nielen v\u00a0minulosti ale i\u00a0dnes sa te\u0161ia ve\u013ekej ob\u013eube, preto\u017ee okrem preh\u013eadn\u00e9ho kalend\u00e1ra poskytuj\u00fa r\u00f4zne zauj\u00edmav\u00e9 \u010dl\u00e1nky a\u00a0in\u0161pir\u00e1cie pre \u010ditate\u013eov. \u010cl\u00e1nky do kalend\u00e1ra boli vybran\u00e9 z\u00a0u\u017e zverejnen\u00fdch pr\u00edspevkov na na\u0161ej webovej str\u00e1nke. Od fungovania str\u00e1nky www.pitvaros.sk v\u00a0jej novej grafickej podobe v\u00a0roku 2017 po 31.12.2019 bolo na nej zverejnen\u00fdch rovn\u00fdch 100 r\u00f4znych \u010dl\u00e1nkov a\u00a0pr\u00edspevkov t\u00fdkaj\u00facich sa Pitvaro\u0161a, Pitvaro\u0161anov, alebo Dolnej zeme. Sme ve\u013emi radi, \u017ee aj mnoh\u00ed z\u00a0V\u00e1s prispeli nielen svojimi fotografiami, ale i\u00a0\u010dl\u00e1nkami a\u00a0spomienkami. Spolu tak udr\u017eiavame spomienky na na\u0161e korene a\u00a0na na\u0161ich predkov. Sme ve\u013emi radi, \u017ee sa n\u00e1m dar\u00ed na\u010falej udr\u017eiava\u0165 duch Pitvaro\u0161anstva, budova\u0165 pocit vz\u00e1jomnej spolupatri\u010dnosti a\u00a0hrdosti na vlastn\u00e9 dejiny. Prin\u00e1\u0161ame V\u00e1m nielen d\u00e1vne spomienky na na\u0161ich predkov, ale i\u00a0aktu\u00e1lne inform\u00e1cie o\u00a0stretnutiach Pitvaro\u0161anov na Slovensku. Budeme sa sna\u017ei\u0165 V\u00e1m aj v\u00a0roku 2020 prinies\u0165 mno\u017estvo zauj\u00edmav\u00fdch inform\u00e1cii a\u00a0spomienok. Pitvaro\u0161sk\u00fd kalend\u00e1r je zverejnen\u00fd iba v\u00a0elektronickej podobe. Prajeme pr\u00edjemn\u00e9 \u010d\u00edtanie.<\/p>\n<p>Je toho e\u0161te ve\u013ea nespracovan\u00e9ho&#8230;<\/p>\n<p><strong> <a href=\"http:\/\/pitvaros.sk\/sk\/wp-content\/uploads\/2020\/03\/kalendar-obal.jpg\"><img loading=\"lazy\" decoding=\"async\" class=\"aligncenter wp-image-2534\" src=\"http:\/\/pitvaros.sk\/sk\/wp-content\/uploads\/2020\/03\/kalendar-obal.jpg\" alt=\"\" width=\"466\" height=\"662\" srcset=\"https:\/\/pitvaros.sk\/sk\/wp-content\/uploads\/2020\/03\/kalendar-obal.jpg 544w, https:\/\/pitvaros.sk\/sk\/wp-content\/uploads\/2020\/03\/kalendar-obal-211x300.jpg 211w\" sizes=\"auto, (max-width: 466px) 100vw, 466px\" \/><\/a><\/strong><\/p>\n<p style=\"text-align: center;\"><a href=\"http:\/\/pitvaros.sk\/sk\/wp-content\/uploads\/2020\/03\/kalendar2020.pdf\">Pitvaro\u0161sk\u00fd kalend\u00e1r na stiahnutie<\/a><\/p>\n<p style=\"text-align: center;\">(tu si m\u00f4\u017eete stiahnu\u0165 kalend\u00e1r)<\/p>\n<p>&nbsp;<\/p>\n<p>&nbsp;<\/p>\n<p><strong>Autor \u010dl\u00e1nku a\u00a0zostavovate\u013e kalend\u00e1ra: Michal Ko\u017euch<\/strong><\/p>\n","protected":false},"excerpt":{"rendered":"<p>V\u00e1\u017een\u00ed \u010ditatelia port\u00e1lu www.pitvaros.sk, pripravili sme si pre V\u00e1s op\u00e4\u0165 mal\u00fa novinku a\u00a0tou je pitvaro\u0161sk\u00fd kalend\u00e1r na rok 2020. In\u0161pirovali sme sa podobn\u00fdmi projektami, ktor\u00e9 \u00faspe\u0161ne vych\u00e1dzaj\u00fa u\u017e roky a\u00a0mnoh\u00e9 z\u00a0nich pozn\u00e1te ako napr. \u010cabiansky kalend\u00e1r, N\u00e1\u0161 kalend\u00e1r alebo i\u00a0Tranovsk\u00e9ho kalend\u00e1r. Kalend\u00e1re nielen v\u00a0minulosti ale i\u00a0dnes sa te\u0161ia ve\u013ekej ob\u013eube, preto\u017ee okrem preh\u013eadn\u00e9ho kalend\u00e1ra poskytuj\u00fa <a href=\"https:\/\/pitvaros.sk\/sk\/?p=2532\" rel=\"nofollow\"><span class=\"sr-only\">Pre\u010d\u00edta\u0165 viac o Pitvaro\u0161sk\u00fd kalend\u00e1r na rok 2020<\/span>[&hellip;]<\/a><\/p>\n","protected":false},"author":1,"featured_media":2533,"comment_status":"open","ping_status":"open","sticky":false,"template":"","format":"standard","meta":{"_jetpack_memberships_contains_paid_content":false,"footnotes":""},"categories":[8,9],"tags":[],"class_list":["post-2532","post","type-post","status-publish","format-standard","has-post-thumbnail","hentry","category-clanky","category-napady"],"jetpack_featured_media_url":"https:\/\/pitvaros.sk\/sk\/wp-content\/uploads\/2020\/03\/kalendar-logo.png","jetpack_sharing_enabled":true,"_links":{"self":[{"href":"https:\/\/pitvaros.sk\/sk\/index.php?rest_route=\/wp\/v2\/posts\/2532","targetHints":{"allow":["GET"]}}],"collection":[{"href":"https:\/\/pitvaros.sk\/sk\/index.php?rest_route=\/wp\/v2\/posts"}],"about":[{"href":"https:\/\/pitvaros.sk\/sk\/index.php?rest_route=\/wp\/v2\/types\/post"}],"author":[{"embeddable":true,"href":"https:\/\/pitvaros.sk\/sk\/index.php?rest_route=\/wp\/v2\/users\/1"}],"replies":[{"embeddable":true,"href":"https:\/\/pitvaros.sk\/sk\/index.php?rest_route=%2Fwp%2Fv2%2Fcomments&post=2532"}],"version-history":[{"count":1,"href":"https:\/\/pitvaros.sk\/sk\/index.php?rest_route=\/wp\/v2\/posts\/2532\/revisions"}],"predecessor-version":[{"id":2536,"href":"https:\/\/pitvaros.sk\/sk\/index.php?rest_route=\/wp\/v2\/posts\/2532\/revisions\/2536"}],"wp:featuredmedia":[{"embeddable":true,"href":"https:\/\/pitvaros.sk\/sk\/index.php?rest_route=\/wp\/v2\/media\/2533"}],"wp:attachment":[{"href":"https:\/\/pitvaros.sk\/sk\/index.php?rest_route=%2Fwp%2Fv2%2Fmedia&parent=2532"}],"wp:term":[{"taxonomy":"category","embeddable":true,"href":"https:\/\/pitvaros.sk\/sk\/index.php?rest_route=%2Fwp%2Fv2%2Fcategories&post=2532"},{"taxonomy":"post_tag","embeddable":true,"href":"https:\/\/pitvaros.sk\/sk\/index.php?rest_route=%2Fwp%2Fv2%2Ftags&post=2532"}],"curies":[{"name":"wp","href":"https:\/\/api.w.org\/{rel}","templated":true}]}}