{"id":2957,"date":"2022-10-26T12:50:04","date_gmt":"2022-10-26T10:50:04","guid":{"rendered":"http:\/\/pitvaros.sk\/?p=2957"},"modified":"2022-10-28T10:09:08","modified_gmt":"2022-10-28T08:09:08","slug":"nova-kniha-autora-stefana-mikusa-podana-ruka-v-1947","status":"publish","type":"post","link":"https:\/\/pitvaros.sk\/sk\/?p=2957","title":{"rendered":"Nov\u00e1 kniha autora \u0160tefana Miku\u0161a \u201ePodan\u00e1 ruka v 1947\u201c"},"content":{"rendered":"<p style=\"text-align: justify;\"><strong>Nov\u00e1 kniha autora \u0160tefana Miku\u0161a \u201ePodan\u00e1 ruka v\u00a01947\u201c<\/strong><\/p>\n<p style=\"text-align: justify;\">V nede\u013eu 18. septembra 2022 si veriaci v evanjelickom chr\u00e1me Bo\u017eom pripomenuli 75. v\u00fdro\u010die pres\u00eddlenia Slov\u00e1kov z Dolnej zeme do na\u0161ej obce. T\u00fdch, ktor\u00ed sa e\u0161te narodili na Pitvaro\u0161i a pam\u00e4taj\u00fa sa na svoju rodn\u00fa obec, u\u017e je iba zop\u00e1r, ale v\u010faka ich spomienkam, o ktor\u00fdch rozpr\u00e1vali svojim de\u0165om, vn\u00fa\u010dat\u00e1m i pravn\u00fa\u010dat\u00e1m, je medzi nami e\u0161te ve\u013ea t\u00fdch, ktor\u00ed pova\u017eovali za potrebn\u00e9, pripomen\u00fa\u0165 si toto v\u00fdznamn\u00e9 v\u00fdro\u010die. S\u00fa\u010das\u0165ou sl\u00e1vnostn\u00e9ho podujatia bolo aj predstavenie novej, v\u00a0porad\u00ed u\u017e druhej, publik\u00e1cie \u0160tefana Miku\u0161a s n\u00e1zvom \u201ePodan\u00e1 ruka v\u00a01947\u201c. Publik\u00e1ciu vydalo ob\u010dianske zdru\u017eenie Dolnozemsk\u00fd evanjelik s\u00a0finan\u010dnou podporou mesta Sl\u00e1dkovi\u010dovo, gener\u00e1lneho sponzora p\u00e1na R\u00f3berta Vargu a\u00a0sponzora p\u00e1na Alexandra Bendeho.<\/p>\n<p style=\"text-align: justify;\">Na t\u00e9mu pres\u00eddlenia bolo pop\u00edsan\u00fdch u\u017e mnoho slov a je nesporn\u00e9, \u017ee tis\u00edcom \u013eud\u00ed prinieslo ve\u013ea dobr\u00e9ho, ale aj ve\u013ea sklaman\u00ed. Sn\u00e1\u010f najlep\u0161ie v \u00favode novej publik\u00e1cie to pop\u00edsal ned\u00e1vno zosnul\u00fd publicista \u013dudo Pomichal a v\u0161etk\u00fdm, ktor\u00fdch t\u00e1to t\u00e9ma zauj\u00edma, odpor\u00fa\u010dam pre\u010d\u00edta\u0165 si jeho \u010dl\u00e1nok. P\u00e1n \u0160tefan Miku\u0161 sa u\u017e nieko\u013eko rokov zaober\u00e1 t\u00e9mou pres\u00eddlenia a v roku 2020 vydal knihu \u201ePitvaro\u0161sk\u00e9 n\u00e1re\u010die\u201c, v ktorej s pomocou e\u0161te \u017eij\u00facich pres\u00eddlencov a ich potomkov zmapoval kr\u00e1sne n\u00e1re\u010die, ktor\u00e9 si Pitvaro\u0161ania na Dolnej zemi po cel\u00e9 st\u00e1ro\u010dia ochra\u0148ovali. Druh\u00fdm jeho projektom mala by\u0165 publik\u00e1cia, v\u00a0ktorej chcel pop\u00edsa\u0165 osudy pres\u00eddlencov, ktor\u00ed pri\u0161li do Di\u00f3szegu \/ Sl\u00e1dkovi\u010dova v\u00a0roku 1947. Preto\u017ee je to \u010dlovek ve\u013emi systematick\u00fd, za\u010dal mapova\u0165 hlavn\u00fa ulicu a\u00a0uvedomil si, ako ve\u013emi s\u00fa previazan\u00e9 osudy pres\u00eddlencov z\u00a0ostatn\u00fdmi ob\u010danmi mesta a\u00a0tak svoj historick\u00fd v\u00fdskum roz\u0161\u00edril na v\u0161etk\u00fdch obyvate\u013eov hlavnej ulice. Jeho kniha teda popisuje domy a\u00a0hlavne ich obyvate\u013eov, ktor\u00ed tu \u017eili v\u00a0obdob\u00ed, pred, po\u010das i\u00a0po II. svetovej vojne s\u00a0akcentom na rok 1947, kedy sa do obce pres\u00eddlili Pitvaro\u0161ania.<\/p>\n<p><a href=\"http:\/\/pitvaros.sk\/sk\/wp-content\/uploads\/2022\/10\/Mikus-titulka-scaled.jpg\"><img loading=\"lazy\" decoding=\"async\" class=\"aligncenter wp-image-2958\" src=\"http:\/\/pitvaros.sk\/sk\/wp-content\/uploads\/2022\/10\/Mikus-titulka-765x1024.jpg\" alt=\"\" width=\"452\" height=\"605\" srcset=\"https:\/\/pitvaros.sk\/sk\/wp-content\/uploads\/2022\/10\/Mikus-titulka-765x1024.jpg 765w, https:\/\/pitvaros.sk\/sk\/wp-content\/uploads\/2022\/10\/Mikus-titulka-224x300.jpg 224w, https:\/\/pitvaros.sk\/sk\/wp-content\/uploads\/2022\/10\/Mikus-titulka-768x1029.jpg 768w, https:\/\/pitvaros.sk\/sk\/wp-content\/uploads\/2022\/10\/Mikus-titulka-1147x1536.jpg 1147w, https:\/\/pitvaros.sk\/sk\/wp-content\/uploads\/2022\/10\/Mikus-titulka-1529x2048.jpg 1529w, https:\/\/pitvaros.sk\/sk\/wp-content\/uploads\/2022\/10\/Mikus-titulka-scaled.jpg 1911w\" sizes=\"auto, (max-width: 452px) 100vw, 452px\" \/><\/a><\/p>\n<p style=\"text-align: justify;\">Od \u017eelezni\u010dnej stanice a\u017e na galantsk\u00fa kri\u017eovatku a\u00a0sp\u00e4\u0165 sp\u00edsal v\u0161etky domy, z\u00a0ktor\u00fdch mnoh\u00e9 u\u017e s\u00fa zb\u00faran\u00e9 a\u00a0ich obyvate\u013eov, ale aj ich predkov a\u00a0potomkov a\u00a0tak kniha popisuje \u010faleko \u0161ir\u0161\u00ed \u010dasov\u00fd \u00fasek a\u00a0niekedy sa vracia a\u017e do za\u010diatku 20. storo\u010dia a\u00a0popisuje aj niektor\u00e9 skuto\u010dnosti z\u00a021. storo\u010dia. Autor zaznamenal osudy p\u00f4vodn\u00fdch obyvate\u013eov, depotrovan\u00fdch \u017didov, vys\u00eddlen\u00fdch Nemcov i\u00a0Ma\u010farov a\u00a0samozrejme Slov\u00e1kov z\u00a0Dolnej zeme, ktor\u00fdch autor zmapoval nielen na hlavnej ulici, ale aj v\u00a0in\u00fdch \u010dastiach obce. Zdrojom inform\u00e1ci\u00ed mu boli vz\u00e1cne arch\u00edvne dokumenty, matriky, ale aj osobn\u00e9 spomienky mnoh\u00fdch obyvate\u013eov.<\/p>\n<p style=\"text-align: justify;\">Stroh\u00fd zoznam domov a\u00a0\u013eud\u00ed by bol dos\u0165 nez\u00e1\u017eivn\u00fdm \u010d\u00edtan\u00edm, ale autorovi sa podarilo doplni\u0165 do textu mnoho zauj\u00edmav\u00fdch pr\u00edbehov jednotliv\u00fdch os\u00f4b i\u00a0cel\u00fdch rod\u00edn. S\u00a0nads\u00e1zkou zvyknem tvrdi\u0165, \u017ee v\u00a0ka\u017edej knihe mus\u00ed by\u0165 nie\u010do, na \u010dom sa zasmejete a\u00a0nie\u010do nad \u010d\u00edm zapla\u010dete a\u00a0to sa autorovi rozhodne podarilo. Knihu dopl\u0148uje aj takmer dvesto\u00a0 historick\u00fdch fotografi\u00ed, ktor\u00e9 \u010ditate\u013eom pribl\u00ed\u017eia nielen historick\u00fd vzh\u013ead hlavnej ulice, ale aj mnoh\u00fdch jej obyvate\u013eov a\u00a0zauj\u00edmav\u00e9 udalosti.<\/p>\n<p style=\"text-align: justify;\">Vydanie tejto knihy je ur\u010dite mimoriadny po\u010din z\u00a0h\u013eadiska historick\u00e9ho i\u00a0sociologick\u00e9ho, lebo popisuje a\u00a0do istej miery aj analyzuje hist\u00f3riu n\u00e1\u0161ho mesta vo ve\u013emi \u0165a\u017ek\u00fdch \u010dasoch, ktor\u00e9 zanechali nezahojite\u013en\u00e9 rany v\u00a0mnoh\u00fdch srdciach, ale aj nespo\u010detn\u00e9 mno\u017estvo kr\u00e1snych spomienok \u00a0na vesel\u00e9 a\u00a0\u0161\u0165astn\u00e9 pr\u00edbehy, ktor\u00e9 obyvatelia hlavnej ulice pre\u017eili.<\/p>\n<p style=\"text-align: justify;\">Dovol\u00edm si mal\u00fa cit\u00e1ciu z\u00a0autorovho textu, ktor\u00e1 presne vystihuje hlavn\u00fa my\u0161lienku knihy: <em>\u201e\u017dijeme tu spolu u\u017e 75 rokov a chceme tu \u017ei\u0165 aj na\u010falej bez konfliktov a nen\u00e1visti, v\u00a0mieri a\u00a0v zhode, v\u0161etci spolu. P\u00f4vodn\u00fdch pres\u00eddlencov je u\u017e ve\u013emi m\u00e1lo, o to viacej by sme si ich mali cti\u0165, lebo s\u00a0na\u0161imi rodi\u010dmi, star\u00fdmi rodi\u010dmi a niektor\u00fdmi dokonca i prarodi\u010dmi pre\u017e\u00edvali osudy svojej mladosti tam, v mieste svojho rodiska. <\/em><\/p>\n<p style=\"text-align: justify;\"><em>Bu\u010fme v\u010fa\u010dn\u00ed t\u00fdm, ktor\u00ed n\u00e1m nap\u00ed\u0161u nejak\u00fd \u010dl\u00e1nok do nov\u00edn, \u010dasopisov, \u010di na internet, pripravia rel\u00e1ciu v rozhlase \u010di telev\u00edzii a\u00a0najm\u00e4 t\u00fdm, ktor\u00ed z \u010dasu na \u010das zorganizuj\u00fa stretnutie dolnozemsk\u00fdch Slov\u00e1kov.\u201c <\/em><\/p>\n<p style=\"text-align: justify;\"><strong>Autorka<\/strong>: Eva Sudov\u00e1, editor publik\u00e1cie<\/p>\n<p><a href=\"http:\/\/pitvaros.sk\/sk\/wp-content\/uploads\/2022\/10\/IMG_1587-scaled.jpg\"><img loading=\"lazy\" decoding=\"async\" class=\"aligncenter size-large wp-image-2961\" src=\"http:\/\/pitvaros.sk\/sk\/wp-content\/uploads\/2022\/10\/IMG_1587-1024x683.jpg\" alt=\"\" width=\"640\" height=\"427\" srcset=\"https:\/\/pitvaros.sk\/sk\/wp-content\/uploads\/2022\/10\/IMG_1587-1024x683.jpg 1024w, https:\/\/pitvaros.sk\/sk\/wp-content\/uploads\/2022\/10\/IMG_1587-300x200.jpg 300w, https:\/\/pitvaros.sk\/sk\/wp-content\/uploads\/2022\/10\/IMG_1587-768x512.jpg 768w, https:\/\/pitvaros.sk\/sk\/wp-content\/uploads\/2022\/10\/IMG_1587-1536x1024.jpg 1536w, https:\/\/pitvaros.sk\/sk\/wp-content\/uploads\/2022\/10\/IMG_1587-2048x1365.jpg 2048w, https:\/\/pitvaros.sk\/sk\/wp-content\/uploads\/2022\/10\/IMG_1587-750x500.jpg 750w\" sizes=\"auto, (max-width: 640px) 100vw, 640px\" \/><\/a><\/p>\n<p><a href=\"http:\/\/pitvaros.sk\/sk\/wp-content\/uploads\/2022\/10\/IMG_1586-scaled.jpg\"><img loading=\"lazy\" decoding=\"async\" class=\"aligncenter size-large wp-image-2960\" src=\"http:\/\/pitvaros.sk\/sk\/wp-content\/uploads\/2022\/10\/IMG_1586-1024x683.jpg\" alt=\"\" width=\"640\" height=\"427\" srcset=\"https:\/\/pitvaros.sk\/sk\/wp-content\/uploads\/2022\/10\/IMG_1586-1024x683.jpg 1024w, https:\/\/pitvaros.sk\/sk\/wp-content\/uploads\/2022\/10\/IMG_1586-300x200.jpg 300w, https:\/\/pitvaros.sk\/sk\/wp-content\/uploads\/2022\/10\/IMG_1586-768x512.jpg 768w, https:\/\/pitvaros.sk\/sk\/wp-content\/uploads\/2022\/10\/IMG_1586-1536x1024.jpg 1536w, https:\/\/pitvaros.sk\/sk\/wp-content\/uploads\/2022\/10\/IMG_1586-2048x1365.jpg 2048w, https:\/\/pitvaros.sk\/sk\/wp-content\/uploads\/2022\/10\/IMG_1586-750x500.jpg 750w\" sizes=\"auto, (max-width: 640px) 100vw, 640px\" \/><\/a><\/p>\n<p style=\"text-align: center;\">\n<p style=\"text-align: justify;\"><em>Kni\u017eku si m\u00f4\u017eete zak\u00fapi\u0165 v obchode Vesna na Fu\u010d\u00edkovej ulici \u010d. 92\/82 v Sl\u00e1dkovi\u010dove ale aj v kult\u00farnom dome Inovatech v Sl\u00e1dkovi\u010dove, na recepcii. <\/em><\/p>\n<p style=\"text-align: justify;\"><em>Cena publik\u00e1cie je <strong>15 Eur<\/strong>.<\/em><\/p>\n<p style=\"text-align: justify;\"><a href=\"http:\/\/pitvaros.sk\/sk\/wp-content\/uploads\/2022\/10\/mikus.jpg\"><img loading=\"lazy\" decoding=\"async\" class=\"aligncenter wp-image-2962\" src=\"http:\/\/pitvaros.sk\/sk\/wp-content\/uploads\/2022\/10\/mikus-963x1024.jpg\" alt=\"\" width=\"424\" height=\"451\" srcset=\"https:\/\/pitvaros.sk\/sk\/wp-content\/uploads\/2022\/10\/mikus-963x1024.jpg 963w, https:\/\/pitvaros.sk\/sk\/wp-content\/uploads\/2022\/10\/mikus-282x300.jpg 282w, https:\/\/pitvaros.sk\/sk\/wp-content\/uploads\/2022\/10\/mikus-768x816.jpg 768w, https:\/\/pitvaros.sk\/sk\/wp-content\/uploads\/2022\/10\/mikus-1445x1536.jpg 1445w, https:\/\/pitvaros.sk\/sk\/wp-content\/uploads\/2022\/10\/mikus.jpg 1681w\" sizes=\"auto, (max-width: 424px) 100vw, 424px\" \/><\/a><\/p>\n<p style=\"text-align: center;\"><em>Autor publik\u00e1cie \u0160tefan Miku\u0161<\/em><\/p>\n<p>&nbsp;<\/p>\n<p style=\"text-align: center;\"><em><strong>Prezent\u00e1cia publik\u00e1cie \u201ePodan\u00e1 ruka v 1947\u201c sa bude kona\u0165 31.10.2022 v zasadacej miestnosti budovy Inovatech v Sl\u00e1dkovi\u010dove o 17.00 hod. <\/strong><\/em><\/p>\n<p style=\"text-align: center;\"><em><strong>V\u0161etk\u00fdch t\u00fdmto srde\u010dne poz\u00fdvame a autorovi gratulujeme ku kr\u00e1snej a jedine\u010dnej publik\u00e1cii.<\/strong><\/em><\/p>\n<p>&nbsp;<\/p>\n<p><strong>Autor \u010dl\u00e1nku:<\/strong> Michal Ko\u017euch<\/p>\n<p>&nbsp;<\/p>\n","protected":false},"excerpt":{"rendered":"<p>Nov\u00e1 kniha autora \u0160tefana Miku\u0161a \u201ePodan\u00e1 ruka v\u00a01947\u201c V nede\u013eu 18. septembra 2022 si veriaci v evanjelickom chr\u00e1me Bo\u017eom pripomenuli 75. v\u00fdro\u010die pres\u00eddlenia Slov\u00e1kov z Dolnej zeme do na\u0161ej obce. T\u00fdch, ktor\u00ed sa e\u0161te narodili na Pitvaro\u0161i a pam\u00e4taj\u00fa sa na svoju rodn\u00fa obec, u\u017e je iba zop\u00e1r, ale v\u010faka ich spomienkam, o ktor\u00fdch rozpr\u00e1vali <a href=\"https:\/\/pitvaros.sk\/sk\/?p=2957\" rel=\"nofollow\"><span class=\"sr-only\">Pre\u010d\u00edta\u0165 viac o Nov\u00e1 kniha autora \u0160tefana Miku\u0161a \u201ePodan\u00e1 ruka v 1947\u201c<\/span>[&hellip;]<\/a><\/p>\n","protected":false},"author":1,"featured_media":2958,"comment_status":"open","ping_status":"open","sticky":false,"template":"","format":"standard","meta":{"_jetpack_memberships_contains_paid_content":false,"footnotes":""},"categories":[7],"tags":[],"class_list":["post-2957","post","type-post","status-publish","format-standard","has-post-thumbnail","hentry","category-publikacie-a-dvd"],"jetpack_featured_media_url":"https:\/\/pitvaros.sk\/sk\/wp-content\/uploads\/2022\/10\/Mikus-titulka-scaled.jpg","jetpack_sharing_enabled":true,"_links":{"self":[{"href":"https:\/\/pitvaros.sk\/sk\/index.php?rest_route=\/wp\/v2\/posts\/2957","targetHints":{"allow":["GET"]}}],"collection":[{"href":"https:\/\/pitvaros.sk\/sk\/index.php?rest_route=\/wp\/v2\/posts"}],"about":[{"href":"https:\/\/pitvaros.sk\/sk\/index.php?rest_route=\/wp\/v2\/types\/post"}],"author":[{"embeddable":true,"href":"https:\/\/pitvaros.sk\/sk\/index.php?rest_route=\/wp\/v2\/users\/1"}],"replies":[{"embeddable":true,"href":"https:\/\/pitvaros.sk\/sk\/index.php?rest_route=%2Fwp%2Fv2%2Fcomments&post=2957"}],"version-history":[{"count":3,"href":"https:\/\/pitvaros.sk\/sk\/index.php?rest_route=\/wp\/v2\/posts\/2957\/revisions"}],"predecessor-version":[{"id":2967,"href":"https:\/\/pitvaros.sk\/sk\/index.php?rest_route=\/wp\/v2\/posts\/2957\/revisions\/2967"}],"wp:featuredmedia":[{"embeddable":true,"href":"https:\/\/pitvaros.sk\/sk\/index.php?rest_route=\/wp\/v2\/media\/2958"}],"wp:attachment":[{"href":"https:\/\/pitvaros.sk\/sk\/index.php?rest_route=%2Fwp%2Fv2%2Fmedia&parent=2957"}],"wp:term":[{"taxonomy":"category","embeddable":true,"href":"https:\/\/pitvaros.sk\/sk\/index.php?rest_route=%2Fwp%2Fv2%2Fcategories&post=2957"},{"taxonomy":"post_tag","embeddable":true,"href":"https:\/\/pitvaros.sk\/sk\/index.php?rest_route=%2Fwp%2Fv2%2Ftags&post=2957"}],"curies":[{"name":"wp","href":"https:\/\/api.w.org\/{rel}","templated":true}]}}