{"id":702,"date":"2017-07-05T13:09:58","date_gmt":"2017-07-05T11:09:58","guid":{"rendered":"http:\/\/pitvaros.sk\/?p=702"},"modified":"2017-08-29T13:38:32","modified_gmt":"2017-08-29T11:38:32","slug":"historia-evanjelickych-presidleneckych-zborov","status":"publish","type":"post","link":"https:\/\/pitvaros.sk\/sk\/?p=702","title":{"rendered":"Hist\u00f3ria evanjelick\u00fdch pres\u00eddleneck\u00fdch zborov"},"content":{"rendered":"<p style=\"text-align: justify;\">Pitvaro\u0161ania po pres\u00eddlen\u00ed do novej vlasti v roku 1947 st\u00e1li pri zrode i nov\u00fdch evanjelick\u00fdch zborov. Zalo\u017eili evanjelick\u00e9 a.v. zbory v Senci, v Sl\u00e1dkovi\u010dove a vo Ve\u013ek\u00fdch \u00da\u013eanoch, kde na\u010falej pokra\u010dovali vo viere svojich predkov. Pri v\u00fdro\u010diach pres\u00eddlenia a zalo\u017eenia nov\u00fdch cirkevn\u00fdch zborov boli vydan\u00e9 pam\u00e4tnice so spracovanou hist\u00f3riou pres\u00eddleneck\u00fdch zborov.<!--more--><\/p>\n<p><a href=\"http:\/\/pitvaros.sk\/sk\/wp-content\/uploads\/2017\/08\/Senec-obal.png\"><img loading=\"lazy\" decoding=\"async\" class=\"aligncenter size-full wp-image-705\" src=\"http:\/\/pitvaros.sk\/sk\/wp-content\/uploads\/2017\/08\/Senec-obal.png\" alt=\"\" width=\"303\" height=\"452\" srcset=\"https:\/\/pitvaros.sk\/sk\/wp-content\/uploads\/2017\/08\/Senec-obal.png 303w, https:\/\/pitvaros.sk\/sk\/wp-content\/uploads\/2017\/08\/Senec-obal-201x300.png 201w\" sizes=\"auto, (max-width: 303px) 100vw, 303px\" \/><\/a><\/p>\n<p style=\"text-align: center;\"><a href=\"http:\/\/pitvaros.sk\/sk\/wp-content\/uploads\/2017\/08\/Senec2002.pdf\">Pam\u00e4tnica na stiahnutie<\/a><\/p>\n<p>&nbsp;<\/p>\n<p><a href=\"http:\/\/pitvaros.sk\/sk\/wp-content\/uploads\/2017\/08\/SC-pamatnica-obal-m.png\"><img loading=\"lazy\" decoding=\"async\" class=\"aligncenter wp-image-703\" src=\"http:\/\/pitvaros.sk\/sk\/wp-content\/uploads\/2017\/08\/SC-pamatnica-obal-m.png\" alt=\"\" width=\"298\" height=\"391\" srcset=\"https:\/\/pitvaros.sk\/sk\/wp-content\/uploads\/2017\/08\/SC-pamatnica-obal-m.png 426w, https:\/\/pitvaros.sk\/sk\/wp-content\/uploads\/2017\/08\/SC-pamatnica-obal-m-228x300.png 228w\" sizes=\"auto, (max-width: 298px) 100vw, 298px\" \/><\/a><\/p>\n<p style=\"text-align: center;\"><a href=\"http:\/\/pitvaros.sk\/sk\/wp-content\/uploads\/2017\/08\/SC-rocenka-2007.pdf\">Pam\u00e4tnica na stiahnutie<\/a><\/p>\n<p>&nbsp;<\/p>\n<p><a href=\"http:\/\/pitvaros.sk\/sk\/wp-content\/uploads\/2017\/08\/Sladkovicovo-obal.png\"><img loading=\"lazy\" decoding=\"async\" class=\"aligncenter wp-image-704\" src=\"http:\/\/pitvaros.sk\/sk\/wp-content\/uploads\/2017\/08\/Sladkovicovo-obal.png\" alt=\"\" width=\"284\" height=\"412\" srcset=\"https:\/\/pitvaros.sk\/sk\/wp-content\/uploads\/2017\/08\/Sladkovicovo-obal.png 324w, https:\/\/pitvaros.sk\/sk\/wp-content\/uploads\/2017\/08\/Sladkovicovo-obal-207x300.png 207w\" sizes=\"auto, (max-width: 284px) 100vw, 284px\" \/><\/a><\/p>\n<p style=\"text-align: center;\"><a href=\"http:\/\/pitvaros.sk\/sk\/wp-content\/uploads\/2017\/08\/Sladkovicovo2015.pdf\">Pam\u00e4tnica na stiahnutie<\/a><\/p>\n<p>&nbsp;<\/p>\n<p>&nbsp;<\/p>\n","protected":false},"excerpt":{"rendered":"<p>Pitvaro\u0161ania po pres\u00eddlen\u00ed do novej vlasti v roku 1947 st\u00e1li pri zrode i nov\u00fdch evanjelick\u00fdch zborov. Zalo\u017eili evanjelick\u00e9 a.v. zbory v Senci, v Sl\u00e1dkovi\u010dove a vo Ve\u013ek\u00fdch \u00da\u013eanoch, kde na\u010falej pokra\u010dovali vo viere svojich predkov. Pri v\u00fdro\u010diach pres\u00eddlenia a zalo\u017eenia nov\u00fdch cirkevn\u00fdch zborov boli vydan\u00e9 pam\u00e4tnice so spracovanou hist\u00f3riou pres\u00eddleneck\u00fdch zborov.<\/p>\n","protected":false},"author":1,"featured_media":704,"comment_status":"open","ping_status":"open","sticky":false,"template":"","format":"standard","meta":{"_jetpack_memberships_contains_paid_content":false,"footnotes":""},"categories":[5],"tags":[],"class_list":["post-702","post","type-post","status-publish","format-standard","has-post-thumbnail","hentry","category-presidleni-pitvarosania"],"jetpack_featured_media_url":"https:\/\/pitvaros.sk\/sk\/wp-content\/uploads\/2017\/08\/Sladkovicovo-obal.png","jetpack_sharing_enabled":true,"_links":{"self":[{"href":"https:\/\/pitvaros.sk\/sk\/index.php?rest_route=\/wp\/v2\/posts\/702","targetHints":{"allow":["GET"]}}],"collection":[{"href":"https:\/\/pitvaros.sk\/sk\/index.php?rest_route=\/wp\/v2\/posts"}],"about":[{"href":"https:\/\/pitvaros.sk\/sk\/index.php?rest_route=\/wp\/v2\/types\/post"}],"author":[{"embeddable":true,"href":"https:\/\/pitvaros.sk\/sk\/index.php?rest_route=\/wp\/v2\/users\/1"}],"replies":[{"embeddable":true,"href":"https:\/\/pitvaros.sk\/sk\/index.php?rest_route=%2Fwp%2Fv2%2Fcomments&post=702"}],"version-history":[{"count":3,"href":"https:\/\/pitvaros.sk\/sk\/index.php?rest_route=\/wp\/v2\/posts\/702\/revisions"}],"predecessor-version":[{"id":711,"href":"https:\/\/pitvaros.sk\/sk\/index.php?rest_route=\/wp\/v2\/posts\/702\/revisions\/711"}],"wp:featuredmedia":[{"embeddable":true,"href":"https:\/\/pitvaros.sk\/sk\/index.php?rest_route=\/wp\/v2\/media\/704"}],"wp:attachment":[{"href":"https:\/\/pitvaros.sk\/sk\/index.php?rest_route=%2Fwp%2Fv2%2Fmedia&parent=702"}],"wp:term":[{"taxonomy":"category","embeddable":true,"href":"https:\/\/pitvaros.sk\/sk\/index.php?rest_route=%2Fwp%2Fv2%2Fcategories&post=702"},{"taxonomy":"post_tag","embeddable":true,"href":"https:\/\/pitvaros.sk\/sk\/index.php?rest_route=%2Fwp%2Fv2%2Ftags&post=702"}],"curies":[{"name":"wp","href":"https:\/\/api.w.org\/{rel}","templated":true}]}}