{"id":729,"date":"2017-07-01T10:46:48","date_gmt":"2017-07-01T08:46:48","guid":{"rendered":"http:\/\/pitvaros.sk\/?p=729"},"modified":"2017-08-30T10:53:09","modified_gmt":"2017-08-30T08:53:09","slug":"oslavy-60-vyrocia-presidlenia-v-sladkovicove-5-5-2007","status":"publish","type":"post","link":"https:\/\/pitvaros.sk\/sk\/?p=729","title":{"rendered":"Oslavy 60. v\u00fdro\u010dia pres\u00eddlenia v Sl\u00e1dkovi\u010dove (5.5.2007)"},"content":{"rendered":"<p><a href=\"http:\/\/pitvaros.sk\/sk\/wp-content\/uploads\/2017\/08\/sl2.jpg\"><img loading=\"lazy\" decoding=\"async\" class=\"aligncenter size-full wp-image-730\" src=\"http:\/\/pitvaros.sk\/sk\/wp-content\/uploads\/2017\/08\/sl2.jpg\" alt=\"\" width=\"500\" height=\"347\" srcset=\"https:\/\/pitvaros.sk\/sk\/wp-content\/uploads\/2017\/08\/sl2.jpg 500w, https:\/\/pitvaros.sk\/sk\/wp-content\/uploads\/2017\/08\/sl2-300x208.jpg 300w\" sizes=\"auto, (max-width: 500px) 100vw, 500px\" \/><\/a><\/p>\n<p style=\"text-align: center;\">Pozv\u00e1nka na oslavy<\/p>\n<p>&nbsp;<\/p>\n<p style=\"text-align: justify;\">D\u0148a 5. m\u00e1ja sa konalo 60. v\u00fdro\u010die pres\u00eddlenia Slov\u00e1kov z Dolnej zeme do Sl\u00e1dkovi\u010dova. Pri vstupe do s\u00e1ly nov\u00e9ho kult\u00farneho domu dostal ka\u017ed\u00fd \u00fa\u010dastn\u00edk trikol\u00f3ru (biela, modr\u00e1, \u010derven\u00e1) a program podujatia. Sl\u00e1vnos\u0165 za\u010dala slu\u017ebami Bo\u017e\u00edmi. Zi\u0161lo sa okolo 400 Pitvaro\u0161anov a pres\u00eddlencov s rodinami. Stretli sa tu Pitvaro\u0161ania zo Sl\u00e1dkovi\u010dova, Ve\u013ek\u00fdch \u00da\u013ean, Senca, Reci, Malej Ma\u010de, ale i in\u00fdch obc\u00ed Slovenska i zo zahrani\u010dia (\u0160vaj\u010diarsko, \u0160v\u00e9dsko). Stretnutie bolo nielen spomienkou na pres\u00eddlenie, ale i miestom stretnutia rod\u00edn a zn\u00e1mych. Bola to chv\u00ed\u013ea spomienok a n\u00e1vratov na rodn\u00fd Pitvaro\u0161. Atmosf\u00e9ru umoc\u0148ovalo i premietanie star\u00fdch fotografii z Pitvaro\u0161a po\u010das cel\u00e9ho kult\u00farneho programu. Po slu\u017eb\u00e1ch Bo\u017e\u00edch a pr\u00edhovoroch host\u00ed nasledoval kr\u00e1tky kult\u00farny program. N\u00e1sledne sa \u00fa\u010dastn\u00edci presunuli k evanjelick\u00e9mu kostolu. Na ve\u017ei kostola bola sl\u00e1vnostne odhalen\u00e1 pam\u00e4tn\u00e1 tabu\u013ea pri pr\u00edle\u017eitosti 60. v\u00fdro\u010dia pres\u00eddlenia z Dolnej zeme s ver\u0161ami b\u00e1snika \u0160tefana Hud\u00e1ka ml. Sprievod sa presunul do priestorov Vysokej \u0161koly na Richterovej ulici. Spolo\u010densk\u00e9 posedenie a ob\u010derstvenie pri hudbe zakon\u010dilo spomienkov\u00fa udalos\u0165.<\/p>\n<p>&nbsp;<\/p>\n<p><strong>Fotografie z osl\u00e1v<\/strong> (Miroslav Ko\u017euch, 2007)<\/p>\n<p><a href=\"http:\/\/pitvaros.sk\/sk\/wp-content\/uploads\/2017\/08\/sl3.jpg\"><img loading=\"lazy\" decoding=\"async\" class=\"aligncenter size-full wp-image-731\" src=\"http:\/\/pitvaros.sk\/sk\/wp-content\/uploads\/2017\/08\/sl3.jpg\" alt=\"\" width=\"450\" height=\"600\" srcset=\"https:\/\/pitvaros.sk\/sk\/wp-content\/uploads\/2017\/08\/sl3.jpg 450w, https:\/\/pitvaros.sk\/sk\/wp-content\/uploads\/2017\/08\/sl3-225x300.jpg 225w\" sizes=\"auto, (max-width: 450px) 100vw, 450px\" \/><\/a><\/p>\n<p><a href=\"http:\/\/pitvaros.sk\/sk\/wp-content\/uploads\/2017\/08\/sl4.jpg\"><img loading=\"lazy\" decoding=\"async\" class=\"aligncenter size-full wp-image-732\" src=\"http:\/\/pitvaros.sk\/sk\/wp-content\/uploads\/2017\/08\/sl4.jpg\" alt=\"\" width=\"600\" height=\"455\" srcset=\"https:\/\/pitvaros.sk\/sk\/wp-content\/uploads\/2017\/08\/sl4.jpg 600w, https:\/\/pitvaros.sk\/sk\/wp-content\/uploads\/2017\/08\/sl4-300x228.jpg 300w\" sizes=\"auto, (max-width: 600px) 100vw, 600px\" \/><\/a><\/p>\n<p><a href=\"http:\/\/pitvaros.sk\/sk\/wp-content\/uploads\/2017\/08\/sl5.jpg\"><img loading=\"lazy\" decoding=\"async\" class=\"aligncenter size-full wp-image-733\" src=\"http:\/\/pitvaros.sk\/sk\/wp-content\/uploads\/2017\/08\/sl5.jpg\" alt=\"\" width=\"600\" height=\"450\" srcset=\"https:\/\/pitvaros.sk\/sk\/wp-content\/uploads\/2017\/08\/sl5.jpg 600w, https:\/\/pitvaros.sk\/sk\/wp-content\/uploads\/2017\/08\/sl5-300x225.jpg 300w, https:\/\/pitvaros.sk\/sk\/wp-content\/uploads\/2017\/08\/sl5-285x214.jpg 285w\" sizes=\"auto, (max-width: 600px) 100vw, 600px\" \/><\/a><\/p>\n<p><a href=\"http:\/\/pitvaros.sk\/sk\/wp-content\/uploads\/2017\/08\/sl6.jpg\"><img loading=\"lazy\" decoding=\"async\" class=\"aligncenter size-full wp-image-734\" src=\"http:\/\/pitvaros.sk\/sk\/wp-content\/uploads\/2017\/08\/sl6.jpg\" alt=\"\" width=\"600\" height=\"450\" srcset=\"https:\/\/pitvaros.sk\/sk\/wp-content\/uploads\/2017\/08\/sl6.jpg 600w, https:\/\/pitvaros.sk\/sk\/wp-content\/uploads\/2017\/08\/sl6-300x225.jpg 300w, https:\/\/pitvaros.sk\/sk\/wp-content\/uploads\/2017\/08\/sl6-285x214.jpg 285w\" sizes=\"auto, (max-width: 600px) 100vw, 600px\" \/><\/a><\/p>\n<p><a href=\"http:\/\/pitvaros.sk\/sk\/wp-content\/uploads\/2017\/08\/sl7.jpg\"><img loading=\"lazy\" decoding=\"async\" class=\"aligncenter size-full wp-image-735\" src=\"http:\/\/pitvaros.sk\/sk\/wp-content\/uploads\/2017\/08\/sl7.jpg\" alt=\"\" width=\"600\" height=\"450\" srcset=\"https:\/\/pitvaros.sk\/sk\/wp-content\/uploads\/2017\/08\/sl7.jpg 600w, https:\/\/pitvaros.sk\/sk\/wp-content\/uploads\/2017\/08\/sl7-300x225.jpg 300w, https:\/\/pitvaros.sk\/sk\/wp-content\/uploads\/2017\/08\/sl7-285x214.jpg 285w\" sizes=\"auto, (max-width: 600px) 100vw, 600px\" \/><\/a><\/p>\n<p>&nbsp;<\/p>\n","protected":false},"excerpt":{"rendered":"<p>Pozv\u00e1nka na oslavy &nbsp; D\u0148a 5. m\u00e1ja sa konalo 60. v\u00fdro\u010die pres\u00eddlenia Slov\u00e1kov z Dolnej zeme do Sl\u00e1dkovi\u010dova. Pri vstupe do s\u00e1ly nov\u00e9ho kult\u00farneho domu dostal ka\u017ed\u00fd \u00fa\u010dastn\u00edk trikol\u00f3ru (biela, modr\u00e1, \u010derven\u00e1) a program podujatia. Sl\u00e1vnos\u0165 za\u010dala slu\u017ebami Bo\u017e\u00edmi. Zi\u0161lo sa okolo 400 Pitvaro\u0161anov a pres\u00eddlencov s rodinami. Stretli sa tu Pitvaro\u0161ania zo Sl\u00e1dkovi\u010dova, Ve\u013ek\u00fdch <a href=\"https:\/\/pitvaros.sk\/sk\/?p=729\" rel=\"nofollow\"><span class=\"sr-only\">Pre\u010d\u00edta\u0165 viac o Oslavy 60. v\u00fdro\u010dia pres\u00eddlenia v Sl\u00e1dkovi\u010dove (5.5.2007)<\/span>[&hellip;]<\/a><\/p>\n","protected":false},"author":1,"featured_media":731,"comment_status":"open","ping_status":"open","sticky":false,"template":"","format":"standard","meta":{"_jetpack_memberships_contains_paid_content":false,"footnotes":""},"categories":[15],"tags":[],"class_list":["post-729","post","type-post","status-publish","format-standard","has-post-thumbnail","hentry","category-60-vyrocie-presidlenia"],"jetpack_featured_media_url":"https:\/\/pitvaros.sk\/sk\/wp-content\/uploads\/2017\/08\/sl3.jpg","jetpack_sharing_enabled":true,"_links":{"self":[{"href":"https:\/\/pitvaros.sk\/sk\/index.php?rest_route=\/wp\/v2\/posts\/729","targetHints":{"allow":["GET"]}}],"collection":[{"href":"https:\/\/pitvaros.sk\/sk\/index.php?rest_route=\/wp\/v2\/posts"}],"about":[{"href":"https:\/\/pitvaros.sk\/sk\/index.php?rest_route=\/wp\/v2\/types\/post"}],"author":[{"embeddable":true,"href":"https:\/\/pitvaros.sk\/sk\/index.php?rest_route=\/wp\/v2\/users\/1"}],"replies":[{"embeddable":true,"href":"https:\/\/pitvaros.sk\/sk\/index.php?rest_route=%2Fwp%2Fv2%2Fcomments&post=729"}],"version-history":[{"count":1,"href":"https:\/\/pitvaros.sk\/sk\/index.php?rest_route=\/wp\/v2\/posts\/729\/revisions"}],"predecessor-version":[{"id":736,"href":"https:\/\/pitvaros.sk\/sk\/index.php?rest_route=\/wp\/v2\/posts\/729\/revisions\/736"}],"wp:featuredmedia":[{"embeddable":true,"href":"https:\/\/pitvaros.sk\/sk\/index.php?rest_route=\/wp\/v2\/media\/731"}],"wp:attachment":[{"href":"https:\/\/pitvaros.sk\/sk\/index.php?rest_route=%2Fwp%2Fv2%2Fmedia&parent=729"}],"wp:term":[{"taxonomy":"category","embeddable":true,"href":"https:\/\/pitvaros.sk\/sk\/index.php?rest_route=%2Fwp%2Fv2%2Fcategories&post=729"},{"taxonomy":"post_tag","embeddable":true,"href":"https:\/\/pitvaros.sk\/sk\/index.php?rest_route=%2Fwp%2Fv2%2Ftags&post=729"}],"curies":[{"name":"wp","href":"https:\/\/api.w.org\/{rel}","templated":true}]}}