{"id":942,"date":"2017-09-19T19:44:02","date_gmt":"2017-09-19T17:44:02","guid":{"rendered":"http:\/\/pitvaros.sk\/?p=942"},"modified":"2017-09-20T19:58:07","modified_gmt":"2017-09-20T17:58:07","slug":"prechadzka-po-trajektorii-dolnozemskych-slovakov-pri-pohybe-v-uhorsku-cez-prizmu-genealogie","status":"publish","type":"post","link":"https:\/\/pitvaros.sk\/sk\/?p=942","title":{"rendered":"Prech\u00e1dzka po trajekt\u00f3rii dolnozemsk\u00fdch Slov\u00e1kov pri pohybe v Uhorsku cez prizmu geneal\u00f3gie"},"content":{"rendered":"<p style=\"text-align: justify;\">Moji predkovia z\u00a0otcovej aj maminej strany boli Slov\u00e1ci, ktor\u00ed v\u00a018 storo\u010d\u00ed odi\u0161li zo Slovenska na vtedy pust\u00fd juh Ma\u010farska \u2013 \u00a0tzv. Doln\u00fa Zem. Predkovia z\u00a0maminej strany sa usadili v\u00a0<em>Csan\u00e1dalberte \u2013 Totkoml\u00f3\u0161i \u2013 Pitvaro\u0161i.\u00a0<\/em>Predkovia z\u00a0otcovej strany sa usadili v\u00a0 <em>Kisk\u0151r\u00f6si<\/em> (Mal\u00fd Kere\u0161).<\/p>\n<p style=\"text-align: justify;\">M\u00f4j otec aj mama sa e\u0161te narodili v\u00a0Ma\u010farsku, ale ja som u\u017e gener\u00e1cia, ktor\u00e1 sa narodila na Slovensku po pres\u00eddlen\u00ed mojich predkov z\u00a0Dolnej Zemi sp\u00e4\u0165 na Slovensko. Spom\u00ednam si, \u017ee \u00a0hlavne u\u00a0star\u00fdch rodi\u010dov sa \u010dasto spom\u00ednalo na domov, ktor\u00fd zanechali v Ma\u010farsku. A\u00a0z\u00a0tohto obdobia rezonuje aj spomienka na prastar\u00fa mamu , ktor\u00e1 vraj \u010dasto hovorila \u201ejaj deti moje, tak by som chcela vedie\u0165, odkia\u013e pri\u0161li na\u0161i predkovia na Doln\u00fa Zem? H\u00e1t tak sa mi vid\u00ed, \u017ee zo Spi\u0161a, ale odkia\u013e?\u201c<\/p>\n<p style=\"text-align: justify;\">Nu\u017e, po rokoch b\u00e1dania a\u00a0h\u013eadania, dnes viem star\u00fdm rodi\u010dom odpoveda\u0165 , \u017ee zo Spi\u0161a to veru nebolo.<\/p>\n<p style=\"text-align: justify;\">Pre n\u00e1s, potomkov Dolnozemsk\u00fdch Slov\u00e1kov, nie je v\u00f4bec jednoduch\u00e9 h\u013eada\u0165 p\u00f4vod svojich predkov. Mnoh\u00e9 matriky t\u00fdkaj\u00face sa na\u0161ich predkov s\u00fa dnes na \u00fazem\u00ed Ma\u010farska a\u00a0pre moju gener\u00e1ciu je nemalou prek\u00e1\u017ekou neznalos\u0165 ma\u010farsk\u00e9ho jazyka. Ale m\u00e1me \u0161\u0165astie, \u017ee existuje medzi nami ve\u013ea osobnost\u00ed, ktor\u00ed podrobne zachytili dejiny a\u00a0hist\u00f3riu dolnozemsk\u00fdch Slov\u00e1kov , a\u00a0na\u0161\u0165astie m\u00e1me ve\u013ea nad\u0161encov a\u00a0hrd\u00fdch potomkov,\u00a0 ktor\u00ed sa n\u00e1m sna\u017eia spr\u00edstupni\u0165 maximum \u00fadajov z\u00a0ma\u010farsk\u00fdch matr\u00edk.<\/p>\n<p style=\"text-align: justify;\">\u00a0Dnes s\u00a0odstupom \u010dasu som presved\u010den\u00e1 , \u017ee som mala na za\u010diatku m\u00f4jho b\u00e1dania po predkoch ve\u013ek\u00e9 \u0161\u0165astie, \u017ee ako prv\u00fa som mohla sk\u00fama\u0165\u00a0matriku dediny Pitvaro\u0161 , ktor\u00e1 je ve\u013emi podrobne nap\u00edsan\u00e1. Na to aby som sa nau\u010dila efekt\u00edvne s\u00a0matrikami pracova\u0165, bola t\u00e1to matrika tou najlep\u0161ou \u0161kolou. \u00a0\u017diadna z\u00a0\u010fal\u0161\u00edch matr\u00edk, ktor\u00e9 som sk\u00famala, nebola tak dobre nap\u00edsan\u00e1.<\/p>\n<p style=\"text-align: justify;\">Ale pre m\u0148a &#8211; gener\u00e1ciu, ktor\u00e1 neza\u017eila \u017eivot na Dolnej Zemi, bolo tie\u017e ve\u013ek\u00fdm \u0161\u0165ast\u00edm, \u017ee som dostala do r\u00fak mal\u00fa kni\u017eku \u201eNenap\u00edsan\u00e9 pam\u00e4ti m\u00f4jho otca\u201c (autor Michal Hronec) , ktor\u00e1 podrobne a\u00a0verne popisuje skuto\u010dn\u00fd \u017eivot obyvate\u013eov na Dolnej Zemi na prelome 19 a\u00a020 storo\u010dia. V\u010faka tejto \u00fa\u017easnej a\u00a0\u0161okuj\u00facej knihe som v\u00a0matrik\u00e1ch nevidela len \u010d\u00edsla, d\u00e1tumy a\u00a0men\u00e1, ale aj s\u00favislosti , pr\u00edbehy a\u00a0osudy rod\u00edn a\u00a0vedela som pochopi\u0165 skuto\u010dnosti, ktor\u00e9 s\u00fa v\u00a0dne\u0161nej dobe \u00a0a\u017e nere\u00e1lne (napr\u00edklad, \u017ee sa vdovec \u010di vdova do t\u00fd\u017ed\u0148a op\u00e4\u0165 o\u017een\u00ed, vyd\u00e1).<\/p>\n<p style=\"text-align: justify;\">Po troch rokoch b\u00e1dania, sa mi zatia\u013e najlep\u0161ie podarilo vyp\u00e1tra\u0165 p\u00f4vod predkov, ktor\u00ed sa usadili v\u00a0Pitvaro\u0161i. Moji predkovia (prarodi\u010dia) z\u00a0Pitvaro\u0161a s\u00fa J\u00e1n \u010cilek a\u00a0M\u00e1ria Rikov\u00e1 . Zistila som, \u017ee \u010cilekovci aj Rikkovci boli v\u00a0roku 1816 medzi prv\u00fdmi obyvate\u013emi, ktor\u00ed zakladali Pitvaro\u0161. \u00a0Ke\u010f\u017ee som sa do\u010d\u00edtala, \u017ee Pitvaro\u0161 os\u00edd\u013eovali \u017eeliari z\u00a0Nadlaku, \u010fal\u0161ia cesta ma priviedla do \u0160t\u00e1tneho arch\u00edvu v\u00a0Rumuskom meste Arad, kde s\u00fa ulo\u017een\u00e9 origin\u00e1ly matr\u00edk mesta Nadlak. Nad\u0161enie a presved\u010denie, \u017ee tu zist\u00edm p\u00f4vod svojich predkov , sa r\u00fdchlo rozplynulo. \u00a0Ale predsa zo \u0161tudovania t\u00fdchto matr\u00edk som z\u00edskala ve\u013ea d\u00f4le\u017eit\u00fdch \u00fadajov, v\u010faka ktor\u00fdm som vyh\u013eadala predkov a\u017e na Slovensku, ale aj v\u00a0Nemecku.<\/p>\n<p style=\"text-align: justify;\">V\u00a0na\u0161om rodopise \u010cilek &amp; Rikk sa nach\u00e1dzaj\u00fa aj priezvisk\u00e1 Ko\u017euch, Ondrus, Janko, Holok, Majo,\u00a0 Mrva, Kri\u017eka, Barany, &#8230;.. a\u00a0mnoh\u00ed \u010fal\u0161\u00ed. Ak m\u00e1me predkov z\u00a0Pitvaro\u0161a,\u00a0 m\u00e1me ve\u013ek\u00e9 \u0161\u0165astie, \u017ee bol zakladan\u00fd pomerne neskoro v\u00a0roku 1816. Trin\u00e1s\u0165 rokov pred zalo\u017een\u00edm Pitvaro\u0161a bol os\u00edd\u013eovan\u00fd aj Nadlak \u2013\u00a0 napr\u00edklad aj Slov\u00e1kmi z\u00a0Gemera, Novohradu, ale aj obyvate\u013emi z\u00a0okolit\u00fdch obc\u00ed. \u0160\u0165astie pre n\u00e1s spo\u010d\u00edva v\u00a0tom, \u017ee mnoh\u00ed predkovia Pitvaro\u0161anov \u00a0pri\u0161li najprv do Nadlaku priamo zo Slovenska. \u00a0Ko\u017euchovci napr\u00edklad boli e\u0161te v\u00a0roku 1811 na Slovensku v\u00a0Rozlo\u017enej (Gemer), ale o\u00a0p\u00e1r rokov nesk\u00f4r \u017eili u\u017e v\u00a0Nadlaku. Ondrus, Janko, Holok, Majo \u2013 tie\u017e pri\u0161li do Nadlaku priamo zo\u00a0\u0160ivet\u00edc (Gemer). Barany bol e\u0161te v\u00a0roku 1822 v\u00a0Mi\u010dinej (Bansk\u00e1 Bystrica), a\u00a0a\u017e po tomto roku rodina pri\u0161la do Nadlaku.\u00a0 U\u00a0t\u00fdchto na\u0161ich predkov, ktor\u00ed neputovali sto rokov po Dolnej Zemi z\u00a0miesta na miesto, ale pri\u0161li takmer bez zast\u00e1vok dole a\u00a0usadili sa \u2013 u nich vieme p\u00f4vod zdokumentova\u0165 celkom \u013eahko.<\/p>\n<p style=\"text-align: justify;\">Ale \u010cillekovci a Rikkovci nepri\u0161li na Pitvaro\u0161 priamo zo Slovenska. A\u00a0pre zistenie ich p\u00f4vodu a\u00a0ich k\u013eukatej cesty bolo potrebn\u00e9 ve\u013ea \u0161\u0165astia v\u00a0b\u00e1dan\u00ed, a\u00a0hlavne bez mno\u017estva spracovan\u00fdch a\u00a0publikovan\u00fdch pr\u00e1c o\u00a0os\u00eddlen\u00ed Dolnej Zeme , by\u00a0 som ich p\u00f4vod ur\u010dite nezistila.<\/p>\n<p style=\"text-align: justify;\">Pri h\u013eadan\u00ed predkov, ktor\u00ed os\u00edd\u013eovali Doln\u00fa zem a\u00a0pritom sa pres\u00favali z\u00a0miesta na miesto, nesta\u010d\u00ed \u010d\u00edta\u0165 matriky. Ve\u013ek\u00e9 bohatstvo inform\u00e1ci\u00ed je v\u00a0dielach autorov ako s\u00fa J\u00e1n Sir\u00e1cky, J\u00e1n Gomno\u0161, Michal Borgu\u013ea, J\u00e1n Bot\u00edk, Mirolav Kme\u0165, J\u00e1n Jan\u010dovic a\u00a0mnoh\u00ed mnoh\u00ed \u010fal\u0161\u00ed. A\u00a0ve\u013ea inform\u00e1ci\u00ed je na\u0161\u0165astie aj na internete. Knihy spomenut\u00fdch autorov je dnes \u0165a\u017ek\u00e9 k\u00fapi\u0165, ak m\u00e1te \u0161\u0165astie, tak len v\u00a0antikvari\u00e1toch.<\/p>\n<p style=\"text-align: justify;\">P\u00f4vodne som bola presved\u010den\u00e1, \u017ee Rikk m\u00e1 zrejme nemeck\u00fd p\u00f4vod, a\u00a0\u017ee pri\u0161iel na juh Ma\u010farska zo slovensk\u00e9ho \u00fazemia os\u00eddlen\u00e9ho Nemcami. A\u00a0ke\u010f\u017ee moja prababi\u010dka Rikkov\u00e1 spom\u00ednala Spi\u0161, t\u00fdmto smerom sa moje my\u0161lienky uberali. Ale\u00a0v\u00fdsledok je prekvapuj\u00faci:<\/p>\n<p style=\"text-align: justify;\">Rikkovci poch\u00e1dzaj\u00fa z\u00a0Nemeckej Franconie, po roku 1720 pri\u0161li do Eleku (\u017eupa Arad), v\u00a0roku 1733 pre\u0161li z\u00a0Eleku do Kis-Harty (\u017eupa Pest-Pilis-Sol-KisKun), v\u00a0roku 1762 u\u017e boli v\u00a0Po\u013enom Berin\u010doku, v\u00a0roku 1787 v\u00a0Oro\u017eh\u00e1ze sa \u017eenil n\u00e1\u0161 predok Rikk a\u00a0v\u00a0Oro\u017eh\u00e1ze \u017eil do roku 1795, v\u00a0roku 1795 sa pres\u0165ahoval s\u00a0rodinou do \u00a0Kiszombora (\u017eupa \u010congr\u00e1d), a\u00a0v\u00a0roku 1804 pre\u0161iel do Nadlaku a v\u00a0roku 1824 sa kone\u010dne definit\u00edvne usadil v\u00a0Pitvaro\u0161i.<\/p>\n<p style=\"text-align: justify;\">Tu bolo\u00a0d\u00f4le\u017eit\u00e9\u00a0 ma\u0165 \u0161\u0165astie, v\u0161\u00edma\u0165 si ka\u017ed\u00fd mal\u00fd detail, nepova\u017eova\u0165 ni\u010d za nepodstatn\u00e9 a\u00a0v\u00a0tomto pr\u00edpade na z\u00e1ver bolo d\u00f4le\u017eit\u00e9 \u0161tudova\u0165 v\u0161etky mo\u017en\u00e9 knihy a\u00a0materi\u00e1ly, ktor\u00e9 s\u00fa dostupn\u00e9.<\/p>\n<p style=\"text-align: justify;\">\u00a0N\u00e1hoda bola, \u017ee jedna M\u00e1ria Rikkov\u00e1 v Nadlaku \u2013 ktor\u00e1 mo\u017eno ani nie je pr\u00edbuzn\u00e1 \u2013 mala pri \u00famrt\u00ed nap\u00edsan\u00e9 miesto narodenia Orosh\u00e1za. Ani som neverila , \u017ee sa m\u00e1m t\u00fdmto smerom ubera\u0165 \u2013 a\u00a0nakoniec na z\u00e1klade tejto zmienky som Orosh\u00e1zu \u0161tudovala a\u00a0na\u0161la tam sob\u00e1\u0161 m\u00f4jho predka Rikka. Ale odkia\u013e sa tam zobral? Za\u010dala som h\u013eadala v\u00a0okol\u00ed a\u00a0Po\u013en\u00fd Berin\u010dok bola \u010fal\u0161ia u\u017e nie n\u00e1hodn\u00e1 vo\u013eba. Ale v\u00a0Slovenskej evanjelickej matrike Po\u013en\u00e9ho Berin\u010doka som Rikka nena\u0161la. V\u00a0tejto f\u00e1ze h\u013eadania boli \u00a0d\u00f4le\u017eit\u00e9 knihy z\u00a0hist\u00f3rie os\u00edd\u013eovania Dolnej Zeme. I\u00a0ke\u010f o\u00a0Po\u013enom Berin\u010doku nebolo ve\u013ea dostupn\u00fdch inform\u00e1ci\u00ed, zistila som, \u017ee existuje aj samostatn\u00e1 nemeck\u00e1 evanjelick\u00e1 matrika v\u00a0Po\u013enom Berin\u010doku. V\u00a0tomto momente som prv\u00fdkr\u00e1t pripustila , \u017ee na\u0161i Rikkovci nepri\u0161li zo Slovenska, ani zo Spi\u0161a. N\u00e1hodou som na internete na\u0161la nie\u010do, \u010do v\u00a0knih\u00e1ch mne dostupn\u00fdch nebolo publikovan\u00e9. Bola to inform\u00e1cia, \u017ee Po\u013en\u00fd Berin\u010dok neos\u00edd\u013eovali Nemci priamo z\u00a0Nemecka, ale nemeck\u00ed osadn\u00edci z\u00a0KisHarty , no a\u00a0u\u017e len dopln\u00edm, \u017ee som natrafila aj na inform\u00e1ciu, \u017ee KisHartu os\u00edd\u013eovali aj Nemci z\u00a0predt\u00fdm os\u00eddlen\u00e9ho Eleku. Na\u0161\u0165astie k\u00a0matrik\u00e1m KisHarty a\u00a0Eleku \u00a0existoval na internete pr\u00edstup,a u\u017e nebol probl\u00e9m zisti\u0165 p\u00f4vod Rikkovcov.<\/p>\n<p style=\"text-align: justify;\">V\u00a0tomto rodopise z\u00a0Pitvaro\u0161a m\u00e1m e\u0161te predkov J\u00e1na \u010cileka .\u00a0 Jeho predkovia boli \u017eeliarmi z\u00a0Nadlaku a\u00a0\u017eia\u013e do Nadlaku tie\u017e nepri\u0161li priamo zo Slovenska ale pri\u0161li zo Sarva\u0161a. Len\u017ee v\u00a0Sarva\u0161i sa len jeden \u010cilek o\u017eenil s\u00a0Elizabeth Paulus \u2013 pred sob\u00e1\u0161om tu ne\u017eil \u2013 odkia\u013e pri\u0161iel? J\u00e1n \u010cilek m\u00e1 pri sob\u00e1\u0161i zauj\u00edmav\u00fdch rodi\u010dov Michala \u010cileka a\u00a0Katar\u00ednu Kas\u00e1\u010d. V\u0161etky ind\u00edcie u\u00a0t\u00fdchto rodi\u010dov ved\u00fa do Novohradu do dediny Hradi\u0161te a\u00a0Uhorsk\u00e9 pri Lu\u010denci. Ale z\u00a0Hradi\u0161\u0165a \u010cilekovci odi\u0161li okolo roku 1770 a\u00a0ne\u017e pri\u0161li do Sarva\u0161a tridsa\u0165 rokov niekde putovali. T\u00e1to \u010das\u0165 m\u00f4jho b\u00e1dania e\u0161te nie je uzavret\u00e1.<\/p>\n<p style=\"text-align: justify;\">Pokia\u013e sa t\u00fdka h\u013eadania predkov v\u00a0rodopise Pitvaro\u0161anov \u2013 d\u00e1 sa poveda\u0165, \u017ee je to t\u00e1 jednoduch\u0161ia pr\u00e1ca b\u00e1date\u013ea. Podstatne zlo\u017eitej\u0161ie je h\u013eada\u0165 predkov v\u00a0matrik\u00e1ch meste\u010dka T\u00f3tkomlo\u0161. T\u00f3tkomlo\u0161 bol zalo\u017een\u00fd takmer o\u00a080 rokov sk\u00f4r ako Pitvaro\u0161 , v\u00a0roku 1746. Matri\u010dn\u00e9 z\u00e1znamy s\u00fa v\u00a0t\u00fdchto najstar\u0161\u00edch rokoch ve\u013emi zle p\u00edsan\u00e9,\u00a0 zapisovan\u00e9 \u00fadaje s\u00fa ve\u013emi stroh\u00e9, mno\u017estvo potrebn\u00fdch \u00fadajov ch\u00fdba.<\/p>\n<p style=\"text-align: justify;\">Okrem toho T\u00f3tkomlo\u0161 mal ove\u013ea viac obyvate\u013eov ako Pitvaro\u0161 a\u00a0mal neskuto\u010dn\u00e9 mno\u017estvo menovcov, Hovorkov, Rozko\u0161ov, Pu\u0161ke\u013eov, Antalov, Vaja\u0161 aj Vajas, Buda, Bada, Bug\u00e1r, Bog\u00e1r \u2013 v\u0161etko sa pletie a\u00a0zamie\u0148a &#8230; A\u00a0naj\u010dastej\u0161ie men\u00e1 s\u00fa J\u00e1n, Ondrej, Juraj,a M\u00e1ri\u00ed neskuto\u010dne ve\u013ea.<\/p>\n<p style=\"text-align: justify;\">Matriky od roku 1895 sp\u00e4\u0165 po rok 1820 sa e\u0161te daj\u00fa preh\u013eadne \u0161tudova\u0165, a\u00a0d\u00e1 sa v\u00a0nich p\u00e1tra\u0165. Ale v\u00a0roku 1800 s\u00fa napr\u00edklad sob\u00e1\u0161e , kde J\u00e1n Hovorka si zobral M\u00e1riu Rozko\u0161 a\u00a0\u010fal\u0161\u00ed J\u00e1n Hovorka si\u00a0 zobral M\u00e1riu Vajas, a\u00a0J\u00e1nov Hovorkov\u00fdch bolo ve\u013ea a\u00a0\u017eenili sa \u010dasto s\u00a0M\u00e1riou X, o\u00a0rok sa nie\u010do podobn\u00e9 zopakuje. J\u00e1novia Hovorkovia si brali M\u00e1rie. U\u00a0sob\u00e1\u0161iacich nie s\u00fa uveden\u00ed rodi\u010dia. A\u00a0pohroma je, \u017ee\u00a0pri naroden\u00ed det\u00ed je uveden\u00e9 \u017ee J\u00e1n Hovorka a\u00a0M\u00e1ria maj\u00fa die\u0165a x.\u00a0 Ale ktor\u00e1 M\u00e1ria bola mama? A\u00a0potom ak zomrelo die\u0165a, zas je uveden\u00fd len otec.<\/p>\n<p style=\"text-align: justify;\">V\u00a0tejto T\u00f3tkomlo\u0161skej matrike som v\u00a0tomto momente musela robi\u0165 rodopis z\u00a0opa\u010dn\u00e9ho konca. Sledova\u0165 sob\u00e1\u0161e , narodenia a\u00a0\u00famrtia v\u00a0\u010dasovom slede a sledova\u0165 vznik rod\u00edn od zalo\u017eenia T\u00f3tkomlo\u0161a t.j. od za\u010diatku roku 1746 a\u017e k\u00a0roku cca 1820, aby som dok\u00e1zala zisti\u0165, kto s\u00fa moji najstar\u0161\u00ed predkovia a\u00a0\u010di boli v\u00a0T\u00f3tkoml\u00f3\u0161i pri zalo\u017een\u00ed, alebo pri\u0161li nesk\u00f4r.\u00a0 Touto mraven\u010dou pr\u00e1cou sa mi podarilo vytvori\u0165 takmer \u00fapln\u00fd rodopis mojich predkov z\u00a0T\u00f3tkoml\u00f3\u0161a. Ale samotn\u00e9 \u00fadaje z\u00a0 matriky by pri tomto b\u00e1dan\u00ed nesta\u010dili.<\/p>\n<p style=\"text-align: justify;\">\u00a0Neocenite\u013enou pomocou pri spracovan\u00ed \u00fadajov bol napr\u00edklad dokument, ktor\u00fd\u00a0 publikoval p\u00e1n Michal Hronec a\u00a0nazval ho \u201eDenn\u00edk pod\u013ea Pa\u013ea Hovorku\u201c. V\u00a0tomto denn\u00edku boli zaznamenan\u00e9 aj \u00fadaje o\u00a0rodinn\u00fdch pr\u00edslu\u0161n\u00edkoch tejto rodiny, boli to ve\u013emi d\u00f4le\u017eit\u00e9 \u00fadaje a\u00a0aj na z\u00e1klade t\u00fdchto \u00fadajov som mohla rozl\u00fa\u0161ti\u0165 h\u00e1danku Hovorkovcov \u2013 menovcov \u2013 v\u00a0T\u00f3tkomlo\u0161i.\u00a0 Je situ\u00e1cia , kedy s\u00fa \u00fadaje v\u00a0matrik\u00e1ch ne\u00fapln\u00e9 a\u00a0vtedy tak\u00e9to s\u00fakromn\u00e9 dokumenty s\u00fa naozaj neocenite\u013en\u00fdm pomocn\u00edkom. A\u00a0ve\u013ek\u00fdm \u0161\u0165ast\u00edm je, \u017ee neostali doma v\u00a0\u0161upl\u00edku, ale boli poskytnut\u00e9 verejnosti. Kie\u017e by sa tak\u00fdch vz\u00e1cny dokumentov na\u0161lo viac.<\/p>\n<p style=\"text-align: justify;\">V\u00a0T\u00f3tkomlo\u0161i m\u00e1m predkov (tak ako v\u00e4\u010d\u0161ina T\u00f3tkomlo\u0161anov): Antal , Vaja\u0161, Mezes, Buda, Hovorka, Pu\u0161ke\u013e, Pipi\u0161, Rozko\u0161 &#8212;- a\u00a0ve\u013ea \u010fal\u0161\u00edch.\u00a0 Antalovci a\u00a0Vaja\u0161ovci v\u00a0na\u0161om rodopise boli prv\u00ed obyvatelia Totkomlo\u0161a v\u00a0roku 1746. Nitky od nich ved\u00fa do B\u00e9ke\u0161skej \u010caby , do roku 1722. H\u013eada\u0165 touto cestou e\u0161te do star\u0161\u00edch rokov cez matriky bude \u0165a\u017ek\u00e9 . Matriky B\u00e9ke\u0161skej \u010caby s\u00fa s\u00edce p\u00edsan\u00e9 v kr\u00e1snej\u00a0sloven\u010dine, ale t\u00fdm pr\u00ednos ich p\u00edsania prv\u00fdch sto rokov &#8211; kon\u010d\u00ed. \u00a0P\u00f4vod T\u00f3tkomlo\u0161anov je publikovan\u00fd v\u00a0mnoh\u00fdch dielach, ale zdokumentova\u0165 p\u00f4vod \u201ede facto\u201c je zd\u00e1 sa takmer nemo\u017en\u00fd cie\u013e.<\/p>\n<p style=\"text-align: justify;\">Pr\u00e1ca na tvorbe rodopisu prin\u00e1\u0161a mno\u017estvo zauj\u00edmav\u00fdch situ\u00e1ci\u00ed a\u00a0prekvapen\u00ed. Jednou takouto zvl\u00e1\u0161tnos\u0165ou je zmena priezviska V\u00e1\u0161ho predka. Len v\u00a0rodopise mojich predkov z\u00a0Pitvaro\u0161a si zmenili priezvisko traja predkovia. Bolo to ne\u010dakan\u00e9 a\u00a0prekvapuj\u00face zistenie. A\u00a0v\u00f4bec ma to nepote\u0161ilo. V\u0161etci si zmenili priezvisko v\u00a0Nadlacu pred pr\u00edchodom na Pitvaro\u0161. Ale len jeden predok to myslel V\u00e1\u017ene a\u00a0pri zmene zotrval a\u017e do svojej smrti, a\u00a0jeho potomkovia a\u017e do dne\u0161n\u00fdch \u010dias nes\u00fa zmenen\u00e9 priezvisko. Jednotn\u00fdm znakom pri tejto zmene priezviska je sp\u00f4sob premenovania. Vo v\u0161etk\u00fdch pr\u00edpadoch prijali ako nov\u00e9 priezvisko \u2013 rodn\u00e9 priezvisko svojej matky.<\/p>\n<p style=\"text-align: justify;\">Takto si zmenil priezvisko Andreas Janko \u2013 na \u2013 Andreas Ondrusz (jeho mama bola Anna Janko roden\u00e1 Ondruszov\u00e1) \u2013 Andreas Janko poch\u00e1dzal zo \u0160ivet\u00edc.\u00a0 Na\u0161\u0165astie p\u00e1n far\u00e1r v\u00a0Pitvaro\u0161skej kronike pri \u00famrt\u00ed Andreasa Ondrusa nap\u00edsal pozn\u00e1mku o\u00a0jeho pravom mene.<\/p>\n<p style=\"text-align: justify;\">Zvl\u00e1\u0161tne je, \u017ee si menili rodn\u00e9 priezvisko aj \u017eeny, \u00a0aj man\u017eelka J\u00e1na \u010cileka , ktor\u00e1 sa volala e\u0161te v\u00a0Sarva\u0161i pri sob\u00e1\u0161i Elizabetha Paulus, ale ke\u010f pri\u0161la do Nadlaku za\u010dala pou\u017e\u00edva\u0165 meno Elizabetha Kudyela \u2013 \u010do bolo rodn\u00e9 priezvisko jej matky. Ale nepou\u017e\u00edvala zmenen\u00e9 priezvisko st\u00e1le, raz pri naroden\u00ed die\u0165a\u0165a je matka roden\u00e1 Paulus inokedy Kudyela. Ke\u010f sa die\u0165a narodilo mama bola Kudyela, pri \u00famrt\u00ed na druh\u00fd de\u0148 je zap\u00edsan\u00e1 spr\u00e1vne Paulus. Tak isto Zuzana Ko\u017euchov\u00e1 z\u00a0Rozlo\u017enej, po pr\u00edchode do Nadlaku za\u010dala pou\u017e\u00edva\u0165 in\u00e9 priezvisko, ale tak isto ako v\u00a0predch\u00e1dzaj\u00facom pr\u00edpade, nie st\u00e1le.<\/p>\n<p style=\"text-align: justify;\">V\u00a0tak\u00fdchto pr\u00edpadoch sa st\u00e1va, \u017ee m\u00e1te die\u0165a u\u00a0svojho predka, ktor\u00e9 \u00a0sa vydalo alebo o\u017eenilo aj zomrelo, ale neviete n\u00e1js\u0165 jeho narodenie. Hoci s\u00farodenci star\u0161\u00ed aj mlad\u0161\u00ed sa narodili v\u00a0Nadlaku alebo v Pitvaro\u0161i, narodenie tohto die\u0165a\u0165a alebo viacer\u00fdch det\u00ed neviete n\u00e1js\u0165. \u00a0Po uveden\u00fdch sk\u00fasenostiach, ak neviem n\u00e1js\u0165 narodenie die\u0165a\u0165a, ur\u010dite pokra\u010dujem v b\u00e1dan\u00ed aj so zrete\u013eom na mo\u017en\u00e9 premenovanie matky.<\/p>\n<p style=\"text-align: justify;\">Na z\u00e1ver mus\u00edm doplni\u0165 zdroje, ktor\u00e9 s\u00fa dostupn\u00e9 pri b\u00e1dan\u00ed po predkoch. Spom\u00ednala som doteraz len matriky a\u00a0publikovan\u00e9\u00a0 knihy.<\/p>\n<p style=\"text-align: justify;\">Okrem toho je absol\u00fatnym z\u00e1kladom pre b\u00e1danie po predkoch webov\u00e1 str\u00e1nka:<\/p>\n<p style=\"text-align: justify;\"><strong>\u00a0<\/strong><a href=\"https:\/\/familysearch.org\"><strong>https:\/\/familysearch.org<\/strong><\/a><\/p>\n<p style=\"text-align: left;\">ktor\u00e1 jedin\u00e1 poskytuje online v\u0161etky Slovensk\u00e9 cirkevn\u00e9 matriky, Ma\u010farsk\u00e9 civiln\u00e9 matriky, Indexovan\u00e9 ma\u010farsk\u00e9 R\u00edmsko-katol\u00edcke matriky naroden\u00fdch, a\u00a0dnes u\u017e zverej\u0148uje aj Ma\u010farsk\u00e9 evanjelick\u00e9 matriky.<\/p>\n<p style=\"text-align: left;\">Tie\u017e je ve\u013ekou pomocou, \u017ee dnes s\u00fa online aj matriky mesta Nadlak, a\u00a0u\u017e netreba za nimi vycestova\u0165 do Rumunsk\u00e9ho \u0161t\u00e1tneho arch\u00edvu. Tieto matriky s\u00fa dokonca \u00faplne indexovan\u00e9, t.j. aj matriky naroden\u00fdch, sob\u00e1\u0161en\u00fdch a\u00a0zomrel\u00fdch na str\u00e1nke:<\/p>\n<p style=\"text-align: left;\"><a href=\"http:\/\/search.ancestry.com\/search\/db.aspx?dbid=5412\"><strong>http:\/\/search.ancestry.com\/search\/db.aspx?dbid=5412<\/strong><\/a><\/p>\n<p style=\"text-align: left;\">Ur\u010dite je d\u00f4le\u017eit\u00e1 internetov\u00e1 str\u00e1nka:<\/p>\n<p style=\"text-align: left;\"><a href=\"https:\/\/www.radixindex.com\/en\/surnames\/surname\/\"><strong>https:\/\/www.radixindex.com\/en\/surnames\/surname\/<\/strong><\/a><\/p>\n<p style=\"text-align: left;\">vyh\u013ead\u00e1 pod\u013ea mena alebo obce evidenciu v\u00fdskytu priezviska v Uhorsku a\u00a0webov\u00e1 str\u00e1nka:<\/p>\n<p style=\"text-align: left;\"><a href=\"http:\/\/csaladfa.palmai.eu\/felvidekiak\"><strong>http:\/\/csaladfa.palmai.eu\/felvidekiak<\/strong><\/a><strong>\u00a0\u00a0\u00a0 <\/strong><\/p>\n<p style=\"text-align: left;\">V\u00e1m pom\u00f4\u017ee zisti\u0165, kde sa nach\u00e1dzaj\u00fa slovensk\u00e9 matriky, t.j. pod ktor\u00fa farnos\u0165 patria a\u00a0v\u00a0ktorom \u0161t\u00e1tnom arch\u00edve sa nach\u00e1dzaj\u00fa.<\/p>\n<p><a href=\"http:\/\/pitvaros.sk\/sk\/wp-content\/uploads\/2017\/09\/Renata-Gombarova.png\"><br \/>\n<img loading=\"lazy\" decoding=\"async\" class=\"wp-image-900 alignleft\" src=\"http:\/\/pitvaros.sk\/sk\/wp-content\/uploads\/2017\/09\/Renata-Gombarova.png\" alt=\"\" width=\"121\" height=\"130\" srcset=\"https:\/\/pitvaros.sk\/sk\/wp-content\/uploads\/2017\/09\/Renata-Gombarova.png 386w, https:\/\/pitvaros.sk\/sk\/wp-content\/uploads\/2017\/09\/Renata-Gombarova-280x300.png 280w\" sizes=\"auto, (max-width: 121px) 100vw, 121px\" \/><\/a><\/p>\n<p><em><strong>Renata Gomb\u00e1rov\u00e1<\/strong><\/em><\/p>\n<p><em>Venuje sa intenz\u00edvne geneal\u00f3gii u\u017e nieko\u013eko rokov a\u00a0m\u00e1 bohat\u00e9 sk\u00fasenosti s\u00a0p\u00e1tran\u00edm po predkoch a v\u00a0h\u013eadan\u00ed star\u00fdch matri\u010dn\u00fdch z\u00e1znamov a\u00a0dokumentov. \u00a0Predkovia poch\u00e1dzaj\u00fa z\u00a0viacer\u00fdch dolnozemsk\u00fdch obc\u00ed, okrem in\u00e9ho aj z\u00a0Pitvaro\u0161a.<\/em><\/p>\n<p>&nbsp;<\/p>\n<p>&nbsp;<\/p>\n","protected":false},"excerpt":{"rendered":"<p>Moji predkovia z\u00a0otcovej aj maminej strany boli Slov\u00e1ci, ktor\u00ed v\u00a018 storo\u010d\u00ed odi\u0161li zo Slovenska na vtedy pust\u00fd juh Ma\u010farska \u2013 \u00a0tzv. Doln\u00fa Zem. Predkovia z\u00a0maminej strany sa usadili v\u00a0Csan\u00e1dalberte \u2013 Totkoml\u00f3\u0161i \u2013 Pitvaro\u0161i.\u00a0Predkovia z\u00a0otcovej strany sa usadili v\u00a0 Kisk\u0151r\u00f6si (Mal\u00fd Kere\u0161). M\u00f4j otec aj mama sa e\u0161te narodili v\u00a0Ma\u010farsku, ale ja som u\u017e gener\u00e1cia, ktor\u00e1 <a href=\"https:\/\/pitvaros.sk\/sk\/?p=942\" rel=\"nofollow\"><span class=\"sr-only\">Pre\u010d\u00edta\u0165 viac o Prech\u00e1dzka po trajekt\u00f3rii dolnozemsk\u00fdch Slov\u00e1kov pri pohybe v Uhorsku cez prizmu geneal\u00f3gie<\/span>[&hellip;]<\/a><\/p>\n","protected":false},"author":1,"featured_media":551,"comment_status":"open","ping_status":"open","sticky":false,"template":"","format":"standard","meta":{"_jetpack_memberships_contains_paid_content":false,"footnotes":""},"categories":[17],"tags":[],"class_list":["post-942","post","type-post","status-publish","format-standard","has-post-thumbnail","hentry","category-patranie-po-predkoch"],"jetpack_featured_media_url":"https:\/\/pitvaros.sk\/sk\/wp-content\/uploads\/2017\/08\/Mapa_Pitvaros_1.png","jetpack_sharing_enabled":true,"_links":{"self":[{"href":"https:\/\/pitvaros.sk\/sk\/index.php?rest_route=\/wp\/v2\/posts\/942","targetHints":{"allow":["GET"]}}],"collection":[{"href":"https:\/\/pitvaros.sk\/sk\/index.php?rest_route=\/wp\/v2\/posts"}],"about":[{"href":"https:\/\/pitvaros.sk\/sk\/index.php?rest_route=\/wp\/v2\/types\/post"}],"author":[{"embeddable":true,"href":"https:\/\/pitvaros.sk\/sk\/index.php?rest_route=\/wp\/v2\/users\/1"}],"replies":[{"embeddable":true,"href":"https:\/\/pitvaros.sk\/sk\/index.php?rest_route=%2Fwp%2Fv2%2Fcomments&post=942"}],"version-history":[{"count":6,"href":"https:\/\/pitvaros.sk\/sk\/index.php?rest_route=\/wp\/v2\/posts\/942\/revisions"}],"predecessor-version":[{"id":949,"href":"https:\/\/pitvaros.sk\/sk\/index.php?rest_route=\/wp\/v2\/posts\/942\/revisions\/949"}],"wp:featuredmedia":[{"embeddable":true,"href":"https:\/\/pitvaros.sk\/sk\/index.php?rest_route=\/wp\/v2\/media\/551"}],"wp:attachment":[{"href":"https:\/\/pitvaros.sk\/sk\/index.php?rest_route=%2Fwp%2Fv2%2Fmedia&parent=942"}],"wp:term":[{"taxonomy":"category","embeddable":true,"href":"https:\/\/pitvaros.sk\/sk\/index.php?rest_route=%2Fwp%2Fv2%2Fcategories&post=942"},{"taxonomy":"post_tag","embeddable":true,"href":"https:\/\/pitvaros.sk\/sk\/index.php?rest_route=%2Fwp%2Fv2%2Ftags&post=942"}],"curies":[{"name":"wp","href":"https:\/\/api.w.org\/{rel}","templated":true}]}}